{"id":108,"date":"2017-02-16T07:41:18","date_gmt":"2017-02-16T06:41:18","guid":{"rendered":"http:\/\/www.stredniskola.com\/cz\/index.php\/2017\/02\/16\/studenti-cestovniho-ruchu-na-vystave-ceskych-korunovacnich-klenotu-v-jihlave\/"},"modified":"2017-02-16T07:41:18","modified_gmt":"2017-02-16T06:41:18","slug":"studenti-cestovniho-ruchu-na-vystave-ceskych-korunovacnich-klenotu-v-jihlave","status":"publish","type":"post","link":"https:\/\/www.stredniskola.com\/index.php\/2017\/02\/16\/studenti-cestovniho-ruchu-na-vystave-ceskych-korunovacnich-klenotu-v-jihlave\/","title":{"rendered":"Studenti cestovn\u00edho ruchu na v\u00fdstav\u011b \u010cesk\u00fdch korunova\u010dn\u00edch klenot\u016f v Jihlav\u011b"},"content":{"rendered":"<p style=\"margin-bottom: 0.0001pt; line-height: normal;\"><span style=\"font-family: Arial, sans-serif; color: #000000; background: #fefefe; font-size: 10pt;\">K leto\u0161n\u00edmu 670. v\u00fdro\u010d\u00ed korunovace Karla IV. za \u010desk\u00e9ho kr\u00e1le je v Jihlav\u011b k&nbsp;vid\u011bn\u00ed v\u00fdstava v\u011bnovan\u00e1 nejen jeho \u017eivotu a obdob\u00ed vl\u00e1dy, ale tak\u00e9 replik\u00e1m Svatov\u00e1clavsk\u00e9 koruny, \u017eezla a jablka.<\/span><\/p>\n<p style=\"margin-bottom: 0.0001pt; line-height: normal;\"><span style=\"color: #000000; font-size: 10pt;\"><span style=\"font-family: Arial, sans-serif; background: #fefefe;\">Autorem replik korunova\u010dn\u00edch klenot\u016f je jeden z&nbsp;nejlep\u0161\u00edch&nbsp;<\/span><span style=\"font-family: Arial, sans-serif;\">\u010desk\u00fdch <\/span><span style=\"font-family: Arial, sans-serif; background: #fefefe;\">a evropsk\u00fdch zlatn\u00edk\u016f, legenda mezi \u0161perka\u0159i, Ji\u0159\u00ed Urban.<\/span><\/span><\/p>\n<p style=\"margin-bottom: 0.0001pt; line-height: normal;\"><span style=\"font-family: Arial, sans-serif; color: #000000; background: #fefefe; font-size: 10pt;\">Tato v\u00fdstava nez\u016fstala opomenuta studenty cestovn\u00edho ruchu 1. a 3. ro\u010dn\u00edku.<\/span><\/p>\n<p><span style=\"font-family: Arial, sans-serif; color: #000000; font-size: 10pt;\">Krom\u011b t\u00e9to v\u00fdznamn\u00e9 akce do sv\u00e9ho programu za\u0159adili i n\u00e1v\u0161t\u011bvu jihlavsk\u00e9ho podzem\u00ed, druh\u00e9ho nejv\u011bt\u0161\u00edho podzem\u00ed v&nbsp;\u010cesk\u00e9 republice.<\/span><\/p>\n<p><span style=\"font-family: Arial, sans-serif; color: #000000; font-size: 10pt;\">Fotogalerie <a href=\"index.php\/fotogalerie\/category\/36-jihlava\">zde<\/a>.<\/span><\/p>\n","protected":false},"excerpt":{"rendered":"<p>K leto\u0161n\u00edmu 670. v\u00fdro\u010d\u00ed korunovace Karla IV. za \u010desk\u00e9ho kr\u00e1le je v Jihlav\u011b k&nbsp;vid\u011bn\u00ed v\u00fdstava v\u011bnovan\u00e1 nejen jeho \u017eivotu a obdob\u00ed vl\u00e1dy, ale tak\u00e9 replik\u00e1m Svatov\u00e1clavsk\u00e9 koruny, \u017eezla a jablka. [&hellip;]<\/p>\n","protected":false},"author":1,"featured_media":0,"comment_status":"open","ping_status":"open","sticky":false,"template":"","format":"standard","meta":[],"categories":[2],"tags":[],"_links":{"self":[{"href":"https:\/\/www.stredniskola.com\/index.php\/wp-json\/wp\/v2\/posts\/108"}],"collection":[{"href":"https:\/\/www.stredniskola.com\/index.php\/wp-json\/wp\/v2\/posts"}],"about":[{"href":"https:\/\/www.stredniskola.com\/index.php\/wp-json\/wp\/v2\/types\/post"}],"author":[{"embeddable":true,"href":"https:\/\/www.stredniskola.com\/index.php\/wp-json\/wp\/v2\/users\/1"}],"replies":[{"embeddable":true,"href":"https:\/\/www.stredniskola.com\/index.php\/wp-json\/wp\/v2\/comments?post=108"}],"version-history":[{"count":0,"href":"https:\/\/www.stredniskola.com\/index.php\/wp-json\/wp\/v2\/posts\/108\/revisions"}],"wp:attachment":[{"href":"https:\/\/www.stredniskola.com\/index.php\/wp-json\/wp\/v2\/media?parent=108"}],"wp:term":[{"taxonomy":"category","embeddable":true,"href":"https:\/\/www.stredniskola.com\/index.php\/wp-json\/wp\/v2\/categories?post=108"},{"taxonomy":"post_tag","embeddable":true,"href":"https:\/\/www.stredniskola.com\/index.php\/wp-json\/wp\/v2\/tags?post=108"}],"curies":[{"name":"wp","href":"https:\/\/api.w.org\/{rel}","templated":true}]}}