{"id":112,"date":"2017-03-07T08:00:00","date_gmt":"2017-03-07T07:00:00","guid":{"rendered":"http:\/\/www.stredniskola.com\/cz\/index.php\/2017\/03\/07\/florbalovy-skolni-turnaj\/"},"modified":"2017-03-07T08:00:00","modified_gmt":"2017-03-07T07:00:00","slug":"florbalovy-skolni-turnaj","status":"publish","type":"post","link":"https:\/\/www.stredniskola.com\/index.php\/2017\/03\/07\/florbalovy-skolni-turnaj\/","title":{"rendered":"FLORBALOV\u00dd \u0160KOLN\u00cd TURNAJ"},"content":{"rendered":"<p style=\"text-align: justify;\">V p\u00e1tek 17. \u00fanora 2017 p\u0159ed jarn\u00edmi pr\u00e1zdninami se setkaly t\u00fdmy z\u00e1stupc\u016f t\u0159\u00edd na\u0161\u00ed \u0161koly, aby zm\u011b\u0159ily s\u00edly ve florbalu. P\u0159\u00e1telsk\u00e9 z\u00e1pasy rozhodovali \u017e\u00e1ci maturitn\u00edch ro\u010dn\u00edk\u016f \u2013 Dominik Megela, Jan \u0160t\u011bp\u00e1n a Jan Malina, kter\u00fdm z\u00e1rove\u0148 d\u011bkujeme za jejich kvalitn\u011b odvedenou pr\u00e1ci.<\/p>\n<p>V jednotliv\u00fdch z\u00e1pasech bylo skute\u010dn\u011b na co se d\u00edvat. O postup do hry na prvn\u00ed a druh\u00e9 m\u00edsto rozhodovaly samotn\u00e9 n\u00e1jezdy. Boj o medaile byl velmi nap\u00ednav\u00fd.<\/p>\n<p>Vyhl\u00e1\u0161en\u00ed v\u00edt\u011bzn\u00fdch t\u00fdm\u016f a jejich ocen\u011bn\u00ed medailemi a diplomy, se uskute\u010dnilo ve st\u0159edu 3. b\u0159ezna 2017. Prvn\u00ed t\u0159i m\u00edsta obsadila:<\/p>\n<p>1. m\u00edsto &#8211; t\u0159\u00edda 1. IT \u2013 t\u00fdm SOKOL ve slo\u017een\u00ed: Josef \u017d\u00e1\u010dek, Daniel Vorl\u00ed\u010dek, Jan Mart\u00ednek a Daniel Bro\u017e.<\/p>\n<p>2. m\u00edsto &#8211; t\u0159\u00edda 4.IT \u2013 t\u00fdm Sedl\u00e1k a spol ve slo\u017een\u00ed: Jan Sedl\u00e1k, Michal N\u011bmec, Jan Malina a Filip Bene\u0161.<\/p>\n<p>3. m\u00edsto &#8211; t\u0159\u00edda 4.IT \u2013 Krajda t\u00fdm ve slo\u017een\u00ed: V\u00edt Kraj\u00ed\u010dek, Filip Milfait, Jan Va\u0161\u00ed\u010dek a Marek Bedn\u00e1\u0159.<\/p>\n<p>V\u00edt\u011bzn\u00fdm t\u00fdm\u016fm blahop\u0159ejeme a v\u0161em ostatn\u00edm d\u011bkujeme za \u00fa\u010dast a t\u011b\u0161\u00edme se na dal\u0161\u00ed setk\u00e1n\u00ed <span style=\"font-family: 'Segoe UI Symbol', sans-serif;\">&#x263a;<\/span><\/p>\n<p>Zpracovala: Mgr. Eva Pacl\u00edkov\u00e1<\/p>\n<p style=\"text-align: justify;\"><span style=\"font-family: Arial, sans-serif; font-size: 16pt;\">Fotogalerie <\/span><a style=\"font-family: Arial, sans-serif; font-size: 16pt;\" href=\"index.php\/fotogalerie\/category\/37-2017-02-florbal\">zde<\/a><\/p>\n<p><span style=\"font-size: 12pt; line-height: 115%; font-family: Arial, sans-serif;\">&nbsp;<\/span><\/p>\n","protected":false},"excerpt":{"rendered":"<p>V p\u00e1tek 17. \u00fanora 2017 p\u0159ed jarn\u00edmi pr\u00e1zdninami se setkaly t\u00fdmy z\u00e1stupc\u016f t\u0159\u00edd na\u0161\u00ed \u0161koly, aby zm\u011b\u0159ily s\u00edly ve florbalu. P\u0159\u00e1telsk\u00e9 z\u00e1pasy rozhodovali \u017e\u00e1ci maturitn\u00edch ro\u010dn\u00edk\u016f \u2013 Dominik Megela, Jan [&hellip;]<\/p>\n","protected":false},"author":1,"featured_media":0,"comment_status":"open","ping_status":"open","sticky":false,"template":"","format":"standard","meta":[],"categories":[2],"tags":[],"_links":{"self":[{"href":"https:\/\/www.stredniskola.com\/index.php\/wp-json\/wp\/v2\/posts\/112"}],"collection":[{"href":"https:\/\/www.stredniskola.com\/index.php\/wp-json\/wp\/v2\/posts"}],"about":[{"href":"https:\/\/www.stredniskola.com\/index.php\/wp-json\/wp\/v2\/types\/post"}],"author":[{"embeddable":true,"href":"https:\/\/www.stredniskola.com\/index.php\/wp-json\/wp\/v2\/users\/1"}],"replies":[{"embeddable":true,"href":"https:\/\/www.stredniskola.com\/index.php\/wp-json\/wp\/v2\/comments?post=112"}],"version-history":[{"count":0,"href":"https:\/\/www.stredniskola.com\/index.php\/wp-json\/wp\/v2\/posts\/112\/revisions"}],"wp:attachment":[{"href":"https:\/\/www.stredniskola.com\/index.php\/wp-json\/wp\/v2\/media?parent=112"}],"wp:term":[{"taxonomy":"category","embeddable":true,"href":"https:\/\/www.stredniskola.com\/index.php\/wp-json\/wp\/v2\/categories?post=112"},{"taxonomy":"post_tag","embeddable":true,"href":"https:\/\/www.stredniskola.com\/index.php\/wp-json\/wp\/v2\/tags?post=112"}],"curies":[{"name":"wp","href":"https:\/\/api.w.org\/{rel}","templated":true}]}}