{"id":113,"date":"2017-01-18T00:00:00","date_gmt":"2017-01-17T23:00:00","guid":{"rendered":"http:\/\/www.stredniskola.com\/cz\/index.php\/2017\/01\/18\/projekt-uspesny-podnikatel\/"},"modified":"2017-01-18T00:00:00","modified_gmt":"2017-01-17T23:00:00","slug":"projekt-uspesny-podnikatel","status":"publish","type":"post","link":"https:\/\/www.stredniskola.com\/index.php\/2017\/01\/18\/projekt-uspesny-podnikatel\/","title":{"rendered":"Projekt \u00daSP\u011a\u0160N\u00dd PODNIKATEL"},"content":{"rendered":"<p><span style=\"font-size: 12pt;\">Od 1. 9. 2017 na\u0161e \u0161kola p\u0159ich\u00e1z\u00ed s&nbsp;nov\u00fdm projektem, jeho\u017e c\u00edlem je reagovat na sou\u010dasn\u00e9 podm\u00ednky podnik\u00e1n\u00ed tak, aby absolventi <strong><span style=\"text-decoration: underline;\">oboru Obchodn\u00edk<\/span><\/strong> se stali \u00fasp\u011b\u0161n\u00fdmi podnikateli.<\/span><\/p>\n<p><span style=\"font-size: 12pt;\">Z\u00e1kladem jejich p\u0159\u00edpravy bude pr\u00e1ce ji\u017e v&nbsp;zab\u011bhl\u00e9m p\u0159edm\u011btu fiktivn\u00ed firma. Pro studenty oboru <span style=\"text-decoration: underline;\">Obchodn\u00edk se zam\u011b\u0159en\u00edm na informa\u010dn\u00ed technologie<\/span> nov\u011b p\u0159ibude spolupr\u00e1ce s&nbsp;u\u010debn\u00edm oborem <strong>reproduk\u010dn\u00ed grafik<\/strong>, jeho\u017e studenti budou \u201ezam\u011bstnanci\u201c reklamn\u00ed firmy. Ta bude pro \u0161irokou ve\u0159ejnost na z\u00e1klad\u011b reklamy a popt\u00e1vky vytv\u00e1\u0159et n\u00e1vrhy a samotnou realizaci <strong>potisk\u016f textiln\u00edch materi\u00e1l\u016f<\/strong>.<\/span><\/p>\n<p><span style=\"font-size: 12pt;\">I studenti oboru <span style=\"text-decoration: underline;\">Obchodn\u00edk se zam\u011b\u0159en\u00edm na cestovn\u00ed ruch<\/span> se zapoj\u00ed do tohoto projektu zalo\u017een\u00edm cestovn\u00ed kancel\u00e1\u0159e s&nbsp;nab\u00eddkou <strong>tvorby z\u00e1jezd\u016f na m\u00edru<\/strong> pro \u0161koln\u00ed i jin\u00e9 kolektivy.<\/span><\/p>\n<p><span style=\"font-size: 12pt;\">C\u00edlem projektu je to, aby studenti byli schopni si nejen stanovit p\u0159edm\u011bt podnik\u00e1n\u00ed, ale zejm\u00e9na pro\u0161li cel\u00fdm jeho procesem od zalo\u017een\u00ed firmy, p\u0159es jedn\u00e1n\u00ed s&nbsp;bankami, dodavateli a\u017e po tvorbu reklamy, prodeje produkt\u016f, v\u00fdpo\u010dty mezd a da\u0148ov\u00e9ho p\u0159izn\u00e1n\u00ed.<\/span><\/p>\n","protected":false},"excerpt":{"rendered":"<p>Od 1. 9. 2017 na\u0161e \u0161kola p\u0159ich\u00e1z\u00ed s&nbsp;nov\u00fdm projektem, jeho\u017e c\u00edlem je reagovat na sou\u010dasn\u00e9 podm\u00ednky podnik\u00e1n\u00ed tak, aby absolventi oboru Obchodn\u00edk se stali \u00fasp\u011b\u0161n\u00fdmi podnikateli. Z\u00e1kladem jejich p\u0159\u00edpravy bude [&hellip;]<\/p>\n","protected":false},"author":1,"featured_media":0,"comment_status":"open","ping_status":"open","sticky":false,"template":"","format":"standard","meta":[],"categories":[2],"tags":[],"_links":{"self":[{"href":"https:\/\/www.stredniskola.com\/index.php\/wp-json\/wp\/v2\/posts\/113"}],"collection":[{"href":"https:\/\/www.stredniskola.com\/index.php\/wp-json\/wp\/v2\/posts"}],"about":[{"href":"https:\/\/www.stredniskola.com\/index.php\/wp-json\/wp\/v2\/types\/post"}],"author":[{"embeddable":true,"href":"https:\/\/www.stredniskola.com\/index.php\/wp-json\/wp\/v2\/users\/1"}],"replies":[{"embeddable":true,"href":"https:\/\/www.stredniskola.com\/index.php\/wp-json\/wp\/v2\/comments?post=113"}],"version-history":[{"count":0,"href":"https:\/\/www.stredniskola.com\/index.php\/wp-json\/wp\/v2\/posts\/113\/revisions"}],"wp:attachment":[{"href":"https:\/\/www.stredniskola.com\/index.php\/wp-json\/wp\/v2\/media?parent=113"}],"wp:term":[{"taxonomy":"category","embeddable":true,"href":"https:\/\/www.stredniskola.com\/index.php\/wp-json\/wp\/v2\/categories?post=113"},{"taxonomy":"post_tag","embeddable":true,"href":"https:\/\/www.stredniskola.com\/index.php\/wp-json\/wp\/v2\/tags?post=113"}],"curies":[{"name":"wp","href":"https:\/\/api.w.org\/{rel}","templated":true}]}}