{"id":144,"date":"2017-09-18T08:41:00","date_gmt":"2017-09-18T06:41:00","guid":{"rendered":"http:\/\/www.stredniskola.com\/cz\/index.php\/2017\/09\/18\/soutez-cer\/"},"modified":"2022-11-19T08:28:23","modified_gmt":"2022-11-19T07:28:23","slug":"soutez-cer","status":"publish","type":"post","link":"https:\/\/www.stredniskola.com\/index.php\/2017\/09\/18\/soutez-cer\/","title":{"rendered":"S Vyso\u010dinou do Evropy"},"content":{"rendered":"<p><span style=\"color: #0000ff; font-family: arial,helvetica,sans-serif; font-size: 14pt;\">Na\u0161e studentky se p\u0159ihl\u00e1sily do sout\u011b\u017ee S Vyso\u010dinou do Evropy<\/span><\/p>\n<p>S Vyso\u010dinou do Evropy je v\u011bdomostn\u00ed sout\u011b\u017e zam\u011b\u0159en\u00e1 na geografii, historii, um\u011bn\u00ed nebo v\u00fdznamn\u00e9 osobnosti a ud\u00e1losti, kter\u00e9 jsou spjat\u00e9 s na\u0161\u00edm regionem.&nbsp;Pr\u016fb\u011b\u017en\u00e1 \u010d\u00e1st prob\u00edh\u00e1 prost\u0159ednictv\u00edm webov\u00fdch str\u00e1nek <a href=\"http:\/\/www.ourregion.cz\/\"><span style=\"text-decoration: underline;\"><span style=\"color: #0066cc;\">www.ourregion.cz<\/span><\/span><\/a>.&nbsp;<\/p>\n","protected":false},"excerpt":{"rendered":"<p>Na\u0161e studentky se p\u0159ihl\u00e1sily do sout\u011b\u017ee S Vyso\u010dinou do Evropy S Vyso\u010dinou do Evropy je v\u011bdomostn\u00ed sout\u011b\u017e zam\u011b\u0159en\u00e1 na geografii, historii, um\u011bn\u00ed nebo v\u00fdznamn\u00e9 osobnosti a ud\u00e1losti, kter\u00e9 jsou spjat\u00e9 [&hellip;]<\/p>\n","protected":false},"author":1,"featured_media":0,"comment_status":"closed","ping_status":"closed","sticky":false,"template":"","format":"standard","meta":[],"categories":[33],"tags":[],"_links":{"self":[{"href":"https:\/\/www.stredniskola.com\/index.php\/wp-json\/wp\/v2\/posts\/144"}],"collection":[{"href":"https:\/\/www.stredniskola.com\/index.php\/wp-json\/wp\/v2\/posts"}],"about":[{"href":"https:\/\/www.stredniskola.com\/index.php\/wp-json\/wp\/v2\/types\/post"}],"author":[{"embeddable":true,"href":"https:\/\/www.stredniskola.com\/index.php\/wp-json\/wp\/v2\/users\/1"}],"replies":[{"embeddable":true,"href":"https:\/\/www.stredniskola.com\/index.php\/wp-json\/wp\/v2\/comments?post=144"}],"version-history":[{"count":1,"href":"https:\/\/www.stredniskola.com\/index.php\/wp-json\/wp\/v2\/posts\/144\/revisions"}],"predecessor-version":[{"id":3656,"href":"https:\/\/www.stredniskola.com\/index.php\/wp-json\/wp\/v2\/posts\/144\/revisions\/3656"}],"wp:attachment":[{"href":"https:\/\/www.stredniskola.com\/index.php\/wp-json\/wp\/v2\/media?parent=144"}],"wp:term":[{"taxonomy":"category","embeddable":true,"href":"https:\/\/www.stredniskola.com\/index.php\/wp-json\/wp\/v2\/categories?post=144"},{"taxonomy":"post_tag","embeddable":true,"href":"https:\/\/www.stredniskola.com\/index.php\/wp-json\/wp\/v2\/tags?post=144"}],"curies":[{"name":"wp","href":"https:\/\/api.w.org\/{rel}","templated":true}]}}