{"id":1553,"date":"2020-03-05T08:34:18","date_gmt":"2020-03-05T07:34:18","guid":{"rendered":"http:\/\/www.stredniskola.com\/cz\/?p=1553"},"modified":"2020-03-05T08:35:28","modified_gmt":"2020-03-05T07:35:28","slug":"vyhlaseni-voleb-do-skolske-rady-na-obdobi-2020-2023","status":"publish","type":"post","link":"https:\/\/www.stredniskola.com\/index.php\/2020\/03\/05\/vyhlaseni-voleb-do-skolske-rady-na-obdobi-2020-2023\/","title":{"rendered":"Vyhl\u00e1\u0161en\u00ed voleb do \u0161kolsk\u00e9 rady na obdob\u00ed 2020-2023"},"content":{"rendered":"\n<p>Na z\u00e1klad\u011b z\u00e1kona \u010d. 561\/2005 Sb. (\u0161kolsk\u00fd z\u00e1kon) vyhla\u0161uji volby\ndo \u0161kolsk\u00e9 rady St\u0159edn\u00ed \u0161koly informatiky a cestovn\u00edho ruchu S\u010cMSD Humpolec na\nobdob\u00ed duben 2020 a\u017e b\u0159ezen 2023.<\/p>\n\n\n\n<h2>Z\u00e1kladn\u00ed informace a term\u00edny <\/h2>\n\n\n\n<p>\u0160kolsk\u00fd z\u00e1kon\nukl\u00e1d\u00e1 \u0159editeli \u0161koly z\u0159\u00eddit \u0161kolskou radu a zajistit pr\u016fb\u011bh volby do t\u00e9to\nrady. Proto\u017ee k 31. 3. 2020 uplyne funk\u010dn\u00ed obdob\u00ed sou\u010dasn\u00e9 z\u00e1stupkyni student\u016f\nKarol\u00edn\u011b Stra\u0161ilov\u00e9 (4. O), je t\u0159eba zvolit nov\u00e9ho \u010dlena \u0161kolsk\u00e9 rady. Funk\u010dn\u00ed\nobdob\u00ed \u010dlen\u016f \u0161kolsk\u00e9 rady je 3 roky a jedn\u00e1 se o \u010destnou (tedy neplacenou)\nfunkci.&nbsp; T\u0159etinu \u010dlen\u016f \u0161kolsk\u00e9 rady vol\u00ed\nz\u00e1konn\u00ed z\u00e1stupci nezletil\u00fdch \u017e\u00e1k\u016f a zletil\u00ed \u017e\u00e1ci (d\u00e1le jen \u201eopr\u00e1vn\u011bn\u00e9 osoby\u201c),\nt\u0159etinu vol\u00ed odd\u011blen\u011b pedagogi\u010dt\u00ed pracovn\u00edci a t\u0159etinu jmenuje jednatel.&nbsp; Po\u010det \u010dlen\u016f zastupuj\u00edc\u00edch v rad\u011b za opr\u00e1vn\u011bn\u00e9\nosoby byl podle \u010dl. III odst. 1 volebn\u00edho \u0159\u00e1du stanoven na 1 \u010dlena, celkov\u00fd\npo\u010det \u010dlen\u016f bude 3. Volba pro opr\u00e1vn\u011bn\u00e9 osoby bude vyhl\u00e1\u0161ena prost\u0159ednictv\u00edm\nwebov\u00e9 aplikace Bakal\u00e1\u0159i a webov\u00fdch str\u00e1nek \u0161koly.&nbsp; <\/p>\n\n\n\n<p>N\u00e1vrhy\nkandid\u00e1t\u016f do \u0161kolsk\u00e9 rady mohou opr\u00e1vn\u011bn\u00e9 osoby pod\u00e1vat do 16. 3. 2020 do 15\nhodin na p\u0159ipraven\u00e9m formul\u00e1\u0159i, kter\u00fd je k dispozici v kancel\u00e1\u0159i \u0161koly nebo ho\nbude mo\u017en\u00e9 st\u00e1hnout z www str\u00e1nek \u0161koly. Navr\u017een\u00fd kandid\u00e1t mus\u00ed s kandidaturou\nsouhlasit, co\u017e potvrd\u00ed sv\u00fdm podpisem na formul\u00e1\u0159i. Vypln\u011bn\u00fd formul\u00e1\u0159 lze\ndoru\u010dit osobn\u011b do kancel\u00e1\u0159e \u0161koly nebo zaslat po\u0161tou na adresu \u0161koly. Listina\nkandid\u00e1t\u016f bude zve\u0159ejn\u011bna od 17. 3. 2020 na n\u00e1st\u011bnce v budov\u011b \u0161koly a na www\nstr\u00e1nk\u00e1ch \u0161koly. Volba prob\u011bhne v&nbsp;\u00fater\u00fd 24. 3. 2020 od 6:00 do 22:00\nprost\u0159ednictv\u00edm internetov\u00e9ho hlasov\u00e1n\u00ed. Webov\u00fd odkaz bude zasl\u00e1n zpr\u00e1vou\nv&nbsp;aplikaci Bakal\u00e1\u0159i nejpozd\u011bji den p\u0159ed kon\u00e1n\u00edm voleb. <\/p>\n\n\n\n<h2>Ozn\u00e1men\u00ed o jmenov\u00e1n\u00ed volebn\u00ed komise<\/h2>\n\n\n\n<p>V&nbsp;souladu s\n\u00a7 167 z\u00e1kona 561\/2004 Sb. (\u0161kolsk\u00fd z\u00e1kon) v&nbsp;platn\u00e9m zn\u011bn\u00ed a v souladu\ns&nbsp;volebn\u00edm \u0159\u00e1dem \u0161kolsk\u00e9 rady p\u0159i St\u0159edn\u00ed \u0161kole informatiky a cestovn\u00edho\nruchu S\u010cMSD Humpolec, s.r.o. jmenuji volebn\u00ed komisi, kter\u00e1 zajist\u00ed \u0159\u00e1dnou\np\u0159\u00edpravu a realizaci voleb \u010dlena \u0161kolsk\u00e9 rady z&nbsp;\u0159ad z\u00e1konn\u00fdch z\u00e1stupc\u016f\n\u017e\u00e1k\u016f a zletil\u00fdch \u017e\u00e1k\u016f pro obdob\u00ed n\u00e1sleduj\u00edc\u00edch t\u0159\u00ed let od dubna 2020 do b\u0159ezna\n2023.<\/p>\n\n\n\n<p>Jmenovan\u00e1 volebn\u00ed komise:<\/p>\n\n\n\n<p>Mgr. Lenka Dom\u0161ov\u00e1<\/p>\n\n\n\n<p>Ing. Tom\u00e1\u0161 Slav\u00edk <\/p>\n\n\n\n<p>Ing. Zden\u011bk Smi\u0161t\u00edk<\/p>\n\n\n\n<hr class=\"wp-block-separator\"\/>\n\n\n\n<div class=\"wp-block-file\"><a href=\"https:\/\/www.stredniskola.com\/cz\/wp-content\/uploads\/2020\/03\/nomina\u010dn\u00ed-list-kandid\u00e1ta.pdf\">Nomina\u010dn\u00ed list kandid\u00e1ta<\/a><a href=\"https:\/\/www.stredniskola.com\/cz\/wp-content\/uploads\/2020\/03\/nomina\u010dn\u00ed-list-kandid\u00e1ta.pdf\" class=\"wp-block-file__button\" download>St\u00e1hnout<\/a><\/div>\n","protected":false},"excerpt":{"rendered":"<p>Na z\u00e1klad\u011b z\u00e1kona \u010d. 561\/2005 Sb. (\u0161kolsk\u00fd z\u00e1kon) vyhla\u0161uji volby do \u0161kolsk\u00e9 rady St\u0159edn\u00ed \u0161koly informatiky a cestovn\u00edho ruchu S\u010cMSD Humpolec na obdob\u00ed duben 2020 a\u017e b\u0159ezen 2023. Z\u00e1kladn\u00ed informace [&hellip;]<\/p>\n","protected":false},"author":1,"featured_media":1555,"comment_status":"open","ping_status":"open","sticky":false,"template":"","format":"standard","meta":[],"categories":[78],"tags":[],"_links":{"self":[{"href":"https:\/\/www.stredniskola.com\/index.php\/wp-json\/wp\/v2\/posts\/1553"}],"collection":[{"href":"https:\/\/www.stredniskola.com\/index.php\/wp-json\/wp\/v2\/posts"}],"about":[{"href":"https:\/\/www.stredniskola.com\/index.php\/wp-json\/wp\/v2\/types\/post"}],"author":[{"embeddable":true,"href":"https:\/\/www.stredniskola.com\/index.php\/wp-json\/wp\/v2\/users\/1"}],"replies":[{"embeddable":true,"href":"https:\/\/www.stredniskola.com\/index.php\/wp-json\/wp\/v2\/comments?post=1553"}],"version-history":[{"count":1,"href":"https:\/\/www.stredniskola.com\/index.php\/wp-json\/wp\/v2\/posts\/1553\/revisions"}],"predecessor-version":[{"id":1556,"href":"https:\/\/www.stredniskola.com\/index.php\/wp-json\/wp\/v2\/posts\/1553\/revisions\/1556"}],"wp:featuredmedia":[{"embeddable":true,"href":"https:\/\/www.stredniskola.com\/index.php\/wp-json\/wp\/v2\/media\/1555"}],"wp:attachment":[{"href":"https:\/\/www.stredniskola.com\/index.php\/wp-json\/wp\/v2\/media?parent=1553"}],"wp:term":[{"taxonomy":"category","embeddable":true,"href":"https:\/\/www.stredniskola.com\/index.php\/wp-json\/wp\/v2\/categories?post=1553"},{"taxonomy":"post_tag","embeddable":true,"href":"https:\/\/www.stredniskola.com\/index.php\/wp-json\/wp\/v2\/tags?post=1553"}],"curies":[{"name":"wp","href":"https:\/\/api.w.org\/{rel}","templated":true}]}}