{"id":1566,"date":"2020-03-10T10:55:58","date_gmt":"2020-03-10T09:55:58","guid":{"rendered":"http:\/\/www.stredniskola.com\/cz\/?p=1566"},"modified":"2020-06-18T20:41:21","modified_gmt":"2020-06-18T18:41:21","slug":"uzavreni-skoly-pro-prezencni-vyuku-zaku","status":"publish","type":"post","link":"https:\/\/www.stredniskola.com\/index.php\/2020\/03\/10\/uzavreni-skoly-pro-prezencni-vyuku-zaku\/","title":{"rendered":"UZAV\u0158EN\u00cd \u0160KOLY PRO PREZEN\u010cN\u00cd V\u00ddUKU \u017d\u00c1K\u016e"},"content":{"rendered":"\n<p><strong>Od st\u0159edy 11. b\u0159ezna 2020 bude do odvol\u00e1n\u00ed p\u0159eru\u0161ena v\u00fduka ve v\u0161ech z\u00e1kladn\u00edch a st\u0159edn\u00edch \u0161kol\u00e1ch.&nbsp;<\/strong>Mimo\u0159\u00e1dn\u00e9 opat\u0159en\u00ed je vyd\u00e1no v souvislosti s nep\u0159\u00edzniv\u00fdm v\u00fdvojem epidemiologick\u00e9 situace ve v\u00fdskytu onemocn\u011bn\u00ed COVID-19 v Evrop\u011b. P\u0159edm\u011btem opat\u0159en\u00ed je z\u00e1kaz vzd\u011bl\u00e1v\u00e1n\u00ed na v\u0161ech typech \u0161kol pro pot\u0159ebu ochrany p\u0159ed v\u00fdskytem a \u0161\u00ed\u0159en\u00edm onemocn\u011bn\u00ed.<\/p>\n\n\n\n<p>\u201cHromadn\u00e9 vzd\u011bl\u00e1v\u00e1n\u00ed na v\u0161ech typech \u0161kol p\u0159edstavuje vy\u0161\u0161\u00ed riziko p\u0159enosu onemocn\u011bn\u00ed vzhledem k vysok\u00e9 kumulaci osob ve vymezen\u00e9m prostoru,\u201d vysv\u011btluje ve vydan\u00e9m mimo\u0159\u00e1dn\u00e9m opat\u0159en\u00ed ministr zdravotnictv\u00ed Adam Vojt\u011bch.<\/p>\n\n\n\n<p>Toto opat\u0159en\u00ed se t\u00fdk\u00e1 teoretick\u00e9 v\u00fduky i odborn\u00e9ho v\u00fdcviku.&nbsp;<\/p>\n\n\n\n<p>Na\u0161i \u017e\u00e1ci budou v pond\u011bl\u00ed 16. 3. po skon\u010den\u00ed jarn\u00edch pr\u00e1zdnin podrobn\u011b informov\u00e1ni, jak bude prob\u00edhat samostudium a v\u00fduka pomoc\u00ed na\u0161eho e-learningov\u00e9ho prost\u0159ed\u00ed Moodle. <strong>Pros\u00edme \u017e\u00e1ky i rodi\u010de, aby pravideln\u011b sledovali web \u0161koly a informa\u010dn\u00ed syst\u00e9m Bakal\u00e1\u0159i. Pr\u016fb\u011b\u017en\u011b budeme zve\u0159ej\u0148ovat aktuality k nastal\u00e9 situaci.<\/strong><\/p>\n\n\n\n<div class=\"wp-block-file\"><a href=\"https:\/\/www.stredniskola.com\/cz\/wp-content\/uploads\/2020\/03\/Mimo\u0159\u00e1dn\u00e9_opat\u0159en\u00ed_-_uzav\u0159en\u00ed_z\u00e1kladn\u00edch_st\u0159edn\u00edch_a_vysok\u00fdch_\u0161kol_od_11._3._2020.pdf\">Mimo\u0159\u00e1dn\u00e9_opat\u0159en\u00ed_-_uzav\u0159en\u00ed_z\u00e1kladn\u00edch,_st\u0159edn\u00edch_a_vysok\u00fdch_\u0161kol_od_11._3._2020<\/a><a href=\"https:\/\/www.stredniskola.com\/cz\/wp-content\/uploads\/2020\/03\/Mimo\u0159\u00e1dn\u00e9_opat\u0159en\u00ed_-_uzav\u0159en\u00ed_z\u00e1kladn\u00edch_st\u0159edn\u00edch_a_vysok\u00fdch_\u0161kol_od_11._3._2020.pdf\" class=\"wp-block-file__button\" download>St\u00e1hnout<\/a><\/div>\n","protected":false},"excerpt":{"rendered":"<p>Od st\u0159edy 11. b\u0159ezna 2020 bude do odvol\u00e1n\u00ed p\u0159eru\u0161ena v\u00fduka ve v\u0161ech z\u00e1kladn\u00edch a st\u0159edn\u00edch \u0161kol\u00e1ch.&nbsp;Mimo\u0159\u00e1dn\u00e9 opat\u0159en\u00ed je vyd\u00e1no v souvislosti s nep\u0159\u00edzniv\u00fdm v\u00fdvojem epidemiologick\u00e9 situace ve v\u00fdskytu onemocn\u011bn\u00ed COVID-19 [&hellip;]<\/p>\n","protected":false},"author":3,"featured_media":0,"comment_status":"open","ping_status":"open","sticky":false,"template":"","format":"standard","meta":[],"categories":[2],"tags":[],"_links":{"self":[{"href":"https:\/\/www.stredniskola.com\/index.php\/wp-json\/wp\/v2\/posts\/1566"}],"collection":[{"href":"https:\/\/www.stredniskola.com\/index.php\/wp-json\/wp\/v2\/posts"}],"about":[{"href":"https:\/\/www.stredniskola.com\/index.php\/wp-json\/wp\/v2\/types\/post"}],"author":[{"embeddable":true,"href":"https:\/\/www.stredniskola.com\/index.php\/wp-json\/wp\/v2\/users\/3"}],"replies":[{"embeddable":true,"href":"https:\/\/www.stredniskola.com\/index.php\/wp-json\/wp\/v2\/comments?post=1566"}],"version-history":[{"count":4,"href":"https:\/\/www.stredniskola.com\/index.php\/wp-json\/wp\/v2\/posts\/1566\/revisions"}],"predecessor-version":[{"id":1767,"href":"https:\/\/www.stredniskola.com\/index.php\/wp-json\/wp\/v2\/posts\/1566\/revisions\/1767"}],"wp:attachment":[{"href":"https:\/\/www.stredniskola.com\/index.php\/wp-json\/wp\/v2\/media?parent=1566"}],"wp:term":[{"taxonomy":"category","embeddable":true,"href":"https:\/\/www.stredniskola.com\/index.php\/wp-json\/wp\/v2\/categories?post=1566"},{"taxonomy":"post_tag","embeddable":true,"href":"https:\/\/www.stredniskola.com\/index.php\/wp-json\/wp\/v2\/tags?post=1566"}],"curies":[{"name":"wp","href":"https:\/\/api.w.org\/{rel}","templated":true}]}}