{"id":166,"date":"2018-05-23T08:05:00","date_gmt":"2018-05-23T06:05:00","guid":{"rendered":"http:\/\/www.stredniskola.com\/cz\/index.php\/2018\/05\/23\/terezin\/"},"modified":"2025-02-18T08:40:00","modified_gmt":"2025-02-18T07:40:00","slug":"terezin","status":"publish","type":"post","link":"https:\/\/www.stredniskola.com\/index.php\/2018\/05\/23\/terezin\/","title":{"rendered":"Z\u00e1jezd do Terez\u00edna"},"content":{"rendered":"<p><span><img loading=\"lazy\" style=\"float: right;\" src=\"images\/terezin.jpg\" alt=\"terezin\" width=\"220\" height=\"165\"><span style=\"font-family: arial,helvetica,sans-serif; font-size: 10pt;\">D\u011bjiny se daj\u00ed u\u010dit r\u016fzn\u011b. Nejv\u00edce si v\u0161ak \u010dlov\u011bk zapamatuje d\u00edky osobn\u00ed zku\u0161enosti. Proto jsme vyu\u017eili nab\u00eddky Terez\u00ednsk\u00e9 iniciativy a v&nbsp;p\u00e1tek 27. 4. jsme se se skupinou 46 student\u016f vypravili do Terez\u00edna. Program za\u010d\u00ednal p\u0159edn\u00e1\u0161kou o \u017eivot\u011b \u017did\u016f v Terez\u00edn\u011b v&nbsp;dob\u011b holocaustu a pokra\u010doval prohl\u00eddkou Muzea ghetta. Pot\u00e9 jsme se p\u0159esunuli do Velk\u00e9 a Mal\u00e9 pevnosti, b\u00fdval\u00e9 v\u011bznice gestapa a \u017didovsk\u00e9ho h\u0159bitova. <\/span><\/span><span style=\"color: #000000; font-family: arial,helvetica,sans-serif; font-size: 10pt;\">Pevn\u011b v\u011b\u0159\u00edme, \u017ee program p\u0159isp\u011bl k&nbsp;pochopen\u00ed \u010d\u00e1sti na\u0161\u00ed novodob\u00e9 historie.<\/span><\/p>\n","protected":false},"excerpt":{"rendered":"<p>D\u011bjiny se daj\u00ed u\u010dit r\u016fzn\u011b. Nejv\u00edce si v\u0161ak \u010dlov\u011bk zapamatuje d\u00edky osobn\u00ed zku\u0161enosti. Proto jsme vyu\u017eili nab\u00eddky Terez\u00ednsk\u00e9 iniciativy a v&nbsp;p\u00e1tek 27. 4. jsme se se skupinou 46 student\u016f vypravili [&hellip;]<\/p>\n","protected":false},"author":1,"featured_media":0,"comment_status":"closed","ping_status":"closed","sticky":false,"template":"","format":"standard","meta":[],"categories":[33],"tags":[],"_links":{"self":[{"href":"https:\/\/www.stredniskola.com\/index.php\/wp-json\/wp\/v2\/posts\/166"}],"collection":[{"href":"https:\/\/www.stredniskola.com\/index.php\/wp-json\/wp\/v2\/posts"}],"about":[{"href":"https:\/\/www.stredniskola.com\/index.php\/wp-json\/wp\/v2\/types\/post"}],"author":[{"embeddable":true,"href":"https:\/\/www.stredniskola.com\/index.php\/wp-json\/wp\/v2\/users\/1"}],"replies":[{"embeddable":true,"href":"https:\/\/www.stredniskola.com\/index.php\/wp-json\/wp\/v2\/comments?post=166"}],"version-history":[{"count":1,"href":"https:\/\/www.stredniskola.com\/index.php\/wp-json\/wp\/v2\/posts\/166\/revisions"}],"predecessor-version":[{"id":6169,"href":"https:\/\/www.stredniskola.com\/index.php\/wp-json\/wp\/v2\/posts\/166\/revisions\/6169"}],"wp:attachment":[{"href":"https:\/\/www.stredniskola.com\/index.php\/wp-json\/wp\/v2\/media?parent=166"}],"wp:term":[{"taxonomy":"category","embeddable":true,"href":"https:\/\/www.stredniskola.com\/index.php\/wp-json\/wp\/v2\/categories?post=166"},{"taxonomy":"post_tag","embeddable":true,"href":"https:\/\/www.stredniskola.com\/index.php\/wp-json\/wp\/v2\/tags?post=166"}],"curies":[{"name":"wp","href":"https:\/\/api.w.org\/{rel}","templated":true}]}}