{"id":168,"date":"2018-06-29T12:55:00","date_gmt":"2018-06-29T10:55:00","guid":{"rendered":"http:\/\/www.stredniskola.com\/cz\/index.php\/2018\/06\/29\/spolecny-pobyt-ve-slunecne-zatoce\/"},"modified":"2019-06-06T08:11:27","modified_gmt":"2019-06-06T06:11:27","slug":"spolecny-pobyt-ve-slunecne-zatoce","status":"publish","type":"post","link":"https:\/\/www.stredniskola.com\/index.php\/2018\/06\/29\/spolecny-pobyt-ve-slunecne-zatoce\/","title":{"rendered":"Spole\u010dn\u00fd pobyt ve Slune\u010dn\u00ed z\u00e1toce"},"content":{"rendered":"<p style=\"margin: 0px 0px 10.66px; text-align: justify;\"><span style=\"color: #000000; font-family: Calibri; font-size: small;\">V<\/span>e dnech 25. \u2013 26. \u010dervna se studenti a u\u010ditel\u00e9 na\u0161\u00ed \u0161koly vydali do rekrea\u010dn\u00edho st\u0159ediska Slune\u010dn z\u00e1toka u Led\u010de nad S\u00e1zavou. Tady pro\u017eil na skautsk\u00fdch t\u00e1borech mnoh\u00e1 dobrodru\u017estv\u00ed Jaroslav Foglar (p\u0159ezd\u00edvan\u00fd Jest\u0159\u00e1b).<\/p>\n<p>  <!--more-->  <\/p>\n<p>My jsme si sv\u016fj dvoudenn\u00ed pobyt zah\u00e1jili cestou vlakem a krat\u0161\u00ed proch\u00e1zkou pod\u00e9l S\u00e1zavy se zast\u00e1vkou u pomn\u00ed\u010dku Jaroslava Foglara. Dny jsme si u\u017eili v&nbsp;trochu chladn\u011bj\u0161\u00edm po\u010das\u00ed. Spole\u010dn\u011b jsme si p\u0159es den zahr\u00e1li n\u011bkolik her (Evoluce, Ekosyst\u00e9my, Latr\u00edna, Boj o \u00fazem\u00ed \u2013 zni\u010d bombu), n\u011bkte\u0159\u00ed si zasportovali, zazp\u00edvali jsme si u t\u00e1bor\u00e1ku. V\u0161e nebylo \u00fapln\u011b ide\u00e1ln\u00ed, ale nic nen\u00ed dokonal\u00e9 a m\u016f\u017eeme doladit dal\u0161\u00ed spole\u010dn\u00e9 akce. Prost\u011b jsme fajn parta, kter\u00e1 nezkaz\u00ed \u017e\u00e1dnou legraci a dok\u00e1\u017ee se p\u0159en\u00e9st i p\u0159es drobn\u00e1 \u00faskal\u00ed.<\/p>\n","protected":false},"excerpt":{"rendered":"<p>Ve dnech 25. \u2013 26. \u010dervna se studenti a u\u010ditel\u00e9 na\u0161\u00ed \u0161koly vydali do rekrea\u010dn\u00edho st\u0159ediska Slune\u010dn z\u00e1toka u Led\u010de nad S\u00e1zavou. Tady pro\u017eil na skautsk\u00fdch t\u00e1borech mnoh\u00e1 dobrodru\u017estv\u00ed Jaroslav [&hellip;]<\/p>\n","protected":false},"author":1,"featured_media":0,"comment_status":"open","ping_status":"open","sticky":false,"template":"","format":"standard","meta":[],"categories":[72],"tags":[],"_links":{"self":[{"href":"https:\/\/www.stredniskola.com\/index.php\/wp-json\/wp\/v2\/posts\/168"}],"collection":[{"href":"https:\/\/www.stredniskola.com\/index.php\/wp-json\/wp\/v2\/posts"}],"about":[{"href":"https:\/\/www.stredniskola.com\/index.php\/wp-json\/wp\/v2\/types\/post"}],"author":[{"embeddable":true,"href":"https:\/\/www.stredniskola.com\/index.php\/wp-json\/wp\/v2\/users\/1"}],"replies":[{"embeddable":true,"href":"https:\/\/www.stredniskola.com\/index.php\/wp-json\/wp\/v2\/comments?post=168"}],"version-history":[{"count":1,"href":"https:\/\/www.stredniskola.com\/index.php\/wp-json\/wp\/v2\/posts\/168\/revisions"}],"predecessor-version":[{"id":722,"href":"https:\/\/www.stredniskola.com\/index.php\/wp-json\/wp\/v2\/posts\/168\/revisions\/722"}],"wp:attachment":[{"href":"https:\/\/www.stredniskola.com\/index.php\/wp-json\/wp\/v2\/media?parent=168"}],"wp:term":[{"taxonomy":"category","embeddable":true,"href":"https:\/\/www.stredniskola.com\/index.php\/wp-json\/wp\/v2\/categories?post=168"},{"taxonomy":"post_tag","embeddable":true,"href":"https:\/\/www.stredniskola.com\/index.php\/wp-json\/wp\/v2\/tags?post=168"}],"curies":[{"name":"wp","href":"https:\/\/api.w.org\/{rel}","templated":true}]}}