{"id":2014,"date":"2020-11-15T11:03:43","date_gmt":"2020-11-15T10:03:43","guid":{"rendered":"http:\/\/www.stredniskola.com\/cz\/?p=2014"},"modified":"2020-11-15T11:06:36","modified_gmt":"2020-11-15T10:06:36","slug":"350-let-od-umrti-jana-amose-komenskeho-ucitele-narodu","status":"publish","type":"post","link":"https:\/\/www.stredniskola.com\/index.php\/2020\/11\/15\/350-let-od-umrti-jana-amose-komenskeho-ucitele-narodu\/","title":{"rendered":"350 let od \u00famrt\u00ed Jana Amose Komensk\u00e9ho &#8211; u\u010ditele n\u00e1rod\u016f"},"content":{"rendered":"\n<p>P\u0159ipojujeme se k aktivit\u00e1m spojen\u00fdch s v\u00fdro\u010d\u00edmi narozen\u00ed a \u00famrt\u00ed t\u00e9to v\u00fdznamn\u00e9 osobnosti pro \u010deskou kulturu a  \u0161kolstv\u00ed.  Napl\u00e1novan\u00e9 akce posouv\u00e1me na obdob\u00ed n\u00e1vratu \u017e\u00e1k\u016f do \u0161kol. <\/p>\n\n\n\n<p><a href=\"https:\/\/www.komensky2020.cz\/\">https:\/\/www.komensky2020.cz\/<\/a><\/p>\n\n\n\n<p>Zapoj\u00edme se tak\u00e9 do aktivity<br><strong>Komensk\u00fd do t\u0159\u00eddy<br><\/strong>Koordin\u00e1tor oslav, N\u00e1rodn\u00ed pedagogick\u00e9 muzeum a knihovna J. A. Komensk\u00e9ho, p\u0159ipravil kampa\u0148 Komensk\u00fd do t\u0159\u00eddy, kter\u00e1 do projektu oslav zapojuje \u0161koln\u00ed kolektivy. Smyslem kampan\u011b je upozornit na osobnost J. A. Komensk\u00e9ho a aktivn\u00edm a kreativn\u00edm zp\u016fsobem jej p\u0159ibl\u00ed\u017eit dne\u0161n\u00edm \u017e\u00e1k\u016fm. <\/p>\n","protected":false},"excerpt":{"rendered":"<p>P\u0159ipojujeme se k aktivit\u00e1m spojen\u00fdch s v\u00fdro\u010d\u00edmi narozen\u00ed a \u00famrt\u00ed t\u00e9to v\u00fdznamn\u00e9 osobnosti pro \u010deskou kulturu a \u0161kolstv\u00ed. Napl\u00e1novan\u00e9 akce posouv\u00e1me na obdob\u00ed n\u00e1vratu \u017e\u00e1k\u016f do \u0161kol. https:\/\/www.komensky2020.cz\/ Zapoj\u00edme se [&hellip;]<\/p>\n","protected":false},"author":3,"featured_media":2016,"comment_status":"open","ping_status":"open","sticky":false,"template":"","format":"standard","meta":[],"categories":[33],"tags":[],"_links":{"self":[{"href":"https:\/\/www.stredniskola.com\/index.php\/wp-json\/wp\/v2\/posts\/2014"}],"collection":[{"href":"https:\/\/www.stredniskola.com\/index.php\/wp-json\/wp\/v2\/posts"}],"about":[{"href":"https:\/\/www.stredniskola.com\/index.php\/wp-json\/wp\/v2\/types\/post"}],"author":[{"embeddable":true,"href":"https:\/\/www.stredniskola.com\/index.php\/wp-json\/wp\/v2\/users\/3"}],"replies":[{"embeddable":true,"href":"https:\/\/www.stredniskola.com\/index.php\/wp-json\/wp\/v2\/comments?post=2014"}],"version-history":[{"count":1,"href":"https:\/\/www.stredniskola.com\/index.php\/wp-json\/wp\/v2\/posts\/2014\/revisions"}],"predecessor-version":[{"id":2015,"href":"https:\/\/www.stredniskola.com\/index.php\/wp-json\/wp\/v2\/posts\/2014\/revisions\/2015"}],"wp:featuredmedia":[{"embeddable":true,"href":"https:\/\/www.stredniskola.com\/index.php\/wp-json\/wp\/v2\/media\/2016"}],"wp:attachment":[{"href":"https:\/\/www.stredniskola.com\/index.php\/wp-json\/wp\/v2\/media?parent=2014"}],"wp:term":[{"taxonomy":"category","embeddable":true,"href":"https:\/\/www.stredniskola.com\/index.php\/wp-json\/wp\/v2\/categories?post=2014"},{"taxonomy":"post_tag","embeddable":true,"href":"https:\/\/www.stredniskola.com\/index.php\/wp-json\/wp\/v2\/tags?post=2014"}],"curies":[{"name":"wp","href":"https:\/\/api.w.org\/{rel}","templated":true}]}}