{"id":2090,"date":"2022-01-10T10:22:00","date_gmt":"2022-01-10T09:22:00","guid":{"rendered":"http:\/\/www.stredniskola.com\/cz\/?p=2090"},"modified":"2022-01-10T10:57:50","modified_gmt":"2022-01-10T09:57:50","slug":"kapacita-oboru-pmp-21-22-naplnena","status":"publish","type":"post","link":"https:\/\/www.stredniskola.com\/index.php\/2022\/01\/10\/kapacita-oboru-pmp-21-22-naplnena\/","title":{"rendered":"Kapacita oboru PMP pro \u0161koln\u00ed rok 22\/23 napln\u011bna"},"content":{"rendered":"\n<p>D\u011bkujeme za mimo\u0159\u00e1dn\u00fd z\u00e1jem o studium na\u0161eho oboru P\u0159ed\u0161koln\u00ed a mimo\u0161koln\u00ed pedagogika v kombinovan\u00e9 form\u011b. B\u011bhem prvn\u00edho dne p\u0159ij\u00edmac\u00edho \u0159\u00edzen\u00ed se na\u0161e <strong>kapacita <\/strong>pro tento studijn\u00ed obor <strong>naplnila<\/strong>. Dal\u0161\u00ed <strong>p\u0159ihl\u00e1\u0161ky <\/strong>ji\u017e pros\u00edm <strong>nepos\u00edlejte<\/strong>. Budeme velmi r\u00e1di, kdy\u017e se stanete na\u0161imi studentkami v dal\u0161\u00edm \u0161koln\u00edm roce. <\/p>\n","protected":false},"excerpt":{"rendered":"<p>D\u011bkujeme za mimo\u0159\u00e1dn\u00fd z\u00e1jem o studium na\u0161eho oboru P\u0159ed\u0161koln\u00ed a mimo\u0161koln\u00ed pedagogika v kombinovan\u00e9 form\u011b. B\u011bhem prvn\u00edho dne p\u0159ij\u00edmac\u00edho \u0159\u00edzen\u00ed se na\u0161e kapacita pro tento studijn\u00ed obor naplnila. Dal\u0161\u00ed p\u0159ihl\u00e1\u0161ky [&hellip;]<\/p>\n","protected":false},"author":3,"featured_media":2296,"comment_status":"closed","ping_status":"closed","sticky":false,"template":"","format":"standard","meta":[],"categories":[70],"tags":[],"_links":{"self":[{"href":"https:\/\/www.stredniskola.com\/index.php\/wp-json\/wp\/v2\/posts\/2090"}],"collection":[{"href":"https:\/\/www.stredniskola.com\/index.php\/wp-json\/wp\/v2\/posts"}],"about":[{"href":"https:\/\/www.stredniskola.com\/index.php\/wp-json\/wp\/v2\/types\/post"}],"author":[{"embeddable":true,"href":"https:\/\/www.stredniskola.com\/index.php\/wp-json\/wp\/v2\/users\/3"}],"replies":[{"embeddable":true,"href":"https:\/\/www.stredniskola.com\/index.php\/wp-json\/wp\/v2\/comments?post=2090"}],"version-history":[{"count":3,"href":"https:\/\/www.stredniskola.com\/index.php\/wp-json\/wp\/v2\/posts\/2090\/revisions"}],"predecessor-version":[{"id":2955,"href":"https:\/\/www.stredniskola.com\/index.php\/wp-json\/wp\/v2\/posts\/2090\/revisions\/2955"}],"wp:featuredmedia":[{"embeddable":true,"href":"https:\/\/www.stredniskola.com\/index.php\/wp-json\/wp\/v2\/media\/2296"}],"wp:attachment":[{"href":"https:\/\/www.stredniskola.com\/index.php\/wp-json\/wp\/v2\/media?parent=2090"}],"wp:term":[{"taxonomy":"category","embeddable":true,"href":"https:\/\/www.stredniskola.com\/index.php\/wp-json\/wp\/v2\/categories?post=2090"},{"taxonomy":"post_tag","embeddable":true,"href":"https:\/\/www.stredniskola.com\/index.php\/wp-json\/wp\/v2\/tags?post=2090"}],"curies":[{"name":"wp","href":"https:\/\/api.w.org\/{rel}","templated":true}]}}