{"id":2425,"date":"2022-09-11T22:31:00","date_gmt":"2022-09-11T20:31:00","guid":{"rendered":"https:\/\/www.stredniskola.com\/?p=2425"},"modified":"2022-09-12T08:02:41","modified_gmt":"2022-09-12T06:02:41","slug":"maturitni-a-zaverecne-zkousky-podzim-2021","status":"publish","type":"post","link":"https:\/\/www.stredniskola.com\/index.php\/2022\/09\/11\/maturitni-a-zaverecne-zkousky-podzim-2021\/","title":{"rendered":"Maturitn\u00ed a z\u00e1v\u011bre\u010dn\u00e9 zkou\u0161ky podzim 2022"},"content":{"rendered":"\n<p>V z\u00e1\u0159\u00ed se budou konat opravn\u00e9 a n\u00e1hradn\u00ed maturitn\u00ed a z\u00e1v\u011bre\u010dn\u00e9 zkou\u0161ky v n\u00e1sleduj\u00edc\u00edch term\u00ednech:<\/p>\n\n\n\n<p>Spole\u010dn\u00e1 \u010d\u00e1st MZ &#8211; didaktick\u00e9 testy se konaj\u00ed 1. &#8211; 2. 9. 2022. P\u0159ihl\u00e1\u0161en\u00fdm student\u016fm byla odesl\u00e1na pozv\u00e1nka se v\u0161emi podrobnostmi na email. Sp\u00e1dovou \u0161kolou bude Obchodn\u00ed akademie Pelh\u0159imov. <\/p>\n\n\n\n<p>Profilov\u00e1 \u010d\u00e1st MZ pro obor Informa\u010dn\u00ed technologie &#8211; praktick\u00e1 \u010d\u00e1st se bude konat 12. 9. 2022 od 13 hodin v u\u010debn\u011b \u010d. 15.<\/p>\n\n\n\n<div class=\"wp-block-file\"><a href=\"https:\/\/www.stredniskola.com\/wp-content\/uploads\/2022\/08\/Rozpis-uMZ-podzim-2022-4.-IT.pdf\"> Rozpis \u00fastn\u00ed MZ pro IT podzim 2022<\/a><a href=\"https:\/\/www.stredniskola.com\/wp-content\/uploads\/2022\/08\/Rozpis-uMZ-podzim-2022-4.-IT.pdf\" class=\"wp-block-file__button\" download>St\u00e1hnout<\/a><\/div>\n\n\n\n<p>Z\u00e1v\u011bre\u010dn\u00e9 zkou\u0161ky pro u\u010debn\u00ed obor Kucha\u0159 \u010d\u00ed\u0161n\u00edk se nebudou konat.   Z\u00e1v\u011bre\u010dn\u00e9 zkou\u0161ky pro u\u010debn\u00ed obor Reproduk\u010dn\u00ed grafik  &#8211; praktick\u00e1 \u010d\u00e1st 1. a 2. 9. od 10 20, p\u00edsemn\u00e1 \u010d\u00e1st 12.9 od 13 00 a \u00fastn\u00ed 15. 9. od 14 00 v\u017edy v zasedac\u00ed m\u00edstnosti \u010d. 18. <\/p>\n\n\n\n<p>Profilov\u00e1 \u010d\u00e1st MZ pro obor P\u0159ed\u0161koln\u00ed a mimo\u0161koln\u00ed pedagogika v kombinovan\u00e9 form\u011b studia &#8211; praktick\u00e1 i \u00fastn\u00ed \u010d\u00e1st \u010d\u00e1st se bude konat 14. 9. 2022 od 12 hodin v u\u010debn\u011b \u010d. 6. <\/p>\n","protected":false},"excerpt":{"rendered":"<p>V z\u00e1\u0159\u00ed se budou konat opravn\u00e9 a n\u00e1hradn\u00ed maturitn\u00ed a z\u00e1v\u011bre\u010dn\u00e9 zkou\u0161ky v n\u00e1sleduj\u00edc\u00edch term\u00ednech: Spole\u010dn\u00e1 \u010d\u00e1st MZ &#8211; didaktick\u00e9 testy se konaj\u00ed 1. &#8211; 2. 9. 2022. P\u0159ihl\u00e1\u0161en\u00fdm student\u016fm [&hellip;]<\/p>\n","protected":false},"author":3,"featured_media":1983,"comment_status":"closed","ping_status":"closed","sticky":false,"template":"","format":"standard","meta":[],"categories":[2],"tags":[],"_links":{"self":[{"href":"https:\/\/www.stredniskola.com\/index.php\/wp-json\/wp\/v2\/posts\/2425"}],"collection":[{"href":"https:\/\/www.stredniskola.com\/index.php\/wp-json\/wp\/v2\/posts"}],"about":[{"href":"https:\/\/www.stredniskola.com\/index.php\/wp-json\/wp\/v2\/types\/post"}],"author":[{"embeddable":true,"href":"https:\/\/www.stredniskola.com\/index.php\/wp-json\/wp\/v2\/users\/3"}],"replies":[{"embeddable":true,"href":"https:\/\/www.stredniskola.com\/index.php\/wp-json\/wp\/v2\/comments?post=2425"}],"version-history":[{"count":5,"href":"https:\/\/www.stredniskola.com\/index.php\/wp-json\/wp\/v2\/posts\/2425\/revisions"}],"predecessor-version":[{"id":3461,"href":"https:\/\/www.stredniskola.com\/index.php\/wp-json\/wp\/v2\/posts\/2425\/revisions\/3461"}],"wp:featuredmedia":[{"embeddable":true,"href":"https:\/\/www.stredniskola.com\/index.php\/wp-json\/wp\/v2\/media\/1983"}],"wp:attachment":[{"href":"https:\/\/www.stredniskola.com\/index.php\/wp-json\/wp\/v2\/media?parent=2425"}],"wp:term":[{"taxonomy":"category","embeddable":true,"href":"https:\/\/www.stredniskola.com\/index.php\/wp-json\/wp\/v2\/categories?post=2425"},{"taxonomy":"post_tag","embeddable":true,"href":"https:\/\/www.stredniskola.com\/index.php\/wp-json\/wp\/v2\/tags?post=2425"}],"curies":[{"name":"wp","href":"https:\/\/api.w.org\/{rel}","templated":true}]}}