{"id":2508,"date":"2021-08-24T12:06:00","date_gmt":"2021-08-24T10:06:00","guid":{"rendered":"https:\/\/www.stredniskola.com\/?p=2508"},"modified":"2021-08-24T13:11:22","modified_gmt":"2021-08-24T11:11:22","slug":"zahajeni-skolniho-roku-pro-studenty-nastupujicich-1-rocniku","status":"publish","type":"post","link":"https:\/\/www.stredniskola.com\/index.php\/2021\/08\/24\/zahajeni-skolniho-roku-pro-studenty-nastupujicich-1-rocniku\/","title":{"rendered":"Zah\u00e1jen\u00ed \u0161koln\u00edho roku pro studenty nastupuj\u00edc\u00edch 1. ro\u010dn\u00edk\u016f."},"content":{"rendered":"\n<p>Mil\u00ed studenti, mil\u00e9 studentky,<\/p>\n\n\n\n<p>na zah\u00e1jen\u00ed \u0161koln\u00ed doch\u00e1zky na na\u0161\u00ed \u0161kole jsme pro v\u00e1s p\u0159ipravili adapta\u010dn\u00ed kurz (ve dnech 1. \u2013 3. 9. 2021, v\u017edy od 7:30 do 14:00). Prob\u011bhne v&nbsp;budov\u011b \u0161koly, na \u0161koln\u00ed zahrad\u011b a v&nbsp;bl\u00edzk\u00e9m okol\u00ed. P\u0159esn\u00fd program najdete n\u00ed\u017ee.<\/p>\n\n\n\n<div class=\"wp-block-file\"><a href=\"https:\/\/www.stredniskola.com\/wp-content\/uploads\/2021\/08\/Program-adaptacniho-kurzu-21_22.pdf\">Program-adaptacniho-kurzu-21_22<\/a><a href=\"https:\/\/www.stredniskola.com\/wp-content\/uploads\/2021\/08\/Program-adaptacniho-kurzu-21_22.pdf\" class=\"wp-block-file__button\" download>St\u00e1hnout<\/a><\/div>\n\n\n\n<p>Na prvn\u00ed den si vezm\u011bte sva\u010dinu i n\u011bco na ob\u011bd, p\u0159ez\u016fvky, propisku. Budete se tak\u00e9 fotit na pr\u016fkaz ISIC a do na\u0161eho syst\u00e9mu Bakal\u00e1\u0159i.<\/p>\n\n\n\n<p>Prvn\u00ed den nav\u00edc dle na\u0159\u00edzen\u00ed vl\u00e1dy prob\u011bhne testov\u00e1n\u00ed \u2013 COVID \u2013 19. Bli\u017e\u0161\u00ed informace naleznete n\u00ed\u017ee.<\/p>\n\n\n\n<div class=\"wp-block-file\"><a href=\"https:\/\/www.stredniskola.com\/wp-content\/uploads\/2021\/08\/Info-k-testovani-1.9.2021.pdf\">Informace-k-testovani-1.9.2021<\/a><a href=\"https:\/\/www.stredniskola.com\/wp-content\/uploads\/2021\/08\/Info-k-testovani-1.9.2021.pdf\" class=\"wp-block-file__button\" download>St\u00e1hnout<\/a><\/div>\n\n\n\n<p>T\u011b\u0161\u00edme se na v\u00e1s.<\/p>\n","protected":false},"excerpt":{"rendered":"<p>Mil\u00ed studenti, mil\u00e9 studentky, na zah\u00e1jen\u00ed \u0161koln\u00ed doch\u00e1zky na na\u0161\u00ed \u0161kole jsme pro v\u00e1s p\u0159ipravili adapta\u010dn\u00ed kurz (ve dnech 1. \u2013 3. 9. 2021, v\u017edy od 7:30 do 14:00). Prob\u011bhne [&hellip;]<\/p>\n","protected":false},"author":3,"featured_media":0,"comment_status":"open","ping_status":"open","sticky":false,"template":"","format":"standard","meta":[],"categories":[1],"tags":[],"_links":{"self":[{"href":"https:\/\/www.stredniskola.com\/index.php\/wp-json\/wp\/v2\/posts\/2508"}],"collection":[{"href":"https:\/\/www.stredniskola.com\/index.php\/wp-json\/wp\/v2\/posts"}],"about":[{"href":"https:\/\/www.stredniskola.com\/index.php\/wp-json\/wp\/v2\/types\/post"}],"author":[{"embeddable":true,"href":"https:\/\/www.stredniskola.com\/index.php\/wp-json\/wp\/v2\/users\/3"}],"replies":[{"embeddable":true,"href":"https:\/\/www.stredniskola.com\/index.php\/wp-json\/wp\/v2\/comments?post=2508"}],"version-history":[{"count":1,"href":"https:\/\/www.stredniskola.com\/index.php\/wp-json\/wp\/v2\/posts\/2508\/revisions"}],"predecessor-version":[{"id":2511,"href":"https:\/\/www.stredniskola.com\/index.php\/wp-json\/wp\/v2\/posts\/2508\/revisions\/2511"}],"wp:attachment":[{"href":"https:\/\/www.stredniskola.com\/index.php\/wp-json\/wp\/v2\/media?parent=2508"}],"wp:term":[{"taxonomy":"category","embeddable":true,"href":"https:\/\/www.stredniskola.com\/index.php\/wp-json\/wp\/v2\/categories?post=2508"},{"taxonomy":"post_tag","embeddable":true,"href":"https:\/\/www.stredniskola.com\/index.php\/wp-json\/wp\/v2\/tags?post=2508"}],"curies":[{"name":"wp","href":"https:\/\/api.w.org\/{rel}","templated":true}]}}