{"id":2614,"date":"2021-09-11T16:44:07","date_gmt":"2021-09-11T14:44:07","guid":{"rendered":"https:\/\/www.stredniskola.com\/?p=2614"},"modified":"2021-09-11T16:44:07","modified_gmt":"2021-09-11T14:44:07","slug":"erasmus-projekt-2019-1-cz01-ka102-060113-pracovni-staze-v-madarsku","status":"publish","type":"post","link":"https:\/\/www.stredniskola.com\/index.php\/2021\/09\/11\/erasmus-projekt-2019-1-cz01-ka102-060113-pracovni-staze-v-madarsku\/","title":{"rendered":"Erasmus+ Projekt 2019-1-CZ01-KA102-060113 \u2013 pracovn\u00ed st\u00e1\u017ee v Ma\u010farsku"},"content":{"rendered":"\n<p>Pl\u00e1novan\u00e1 zahrani\u010dn\u00ed st\u00e1\u017e v\u00a0Ma\u010farsku, na kterou jsme m\u011bli vyjet ji\u017e v\u00a0\u010dervnu 2020, byla dvakr\u00e1t odlo\u017eena kv\u016fli epidemiologick\u00e9 situaci. Dal\u0161\u00ed n\u00e1hradn\u00ed term\u00edn st\u00e1\u017ee je za dve\u0159mi. Odj\u00ed\u017ed\u00edme v sobotu <strong>19. z\u00e1\u0159\u00ed <\/strong>a vrac\u00edme se 2. \u0159\u00edjna. <\/p>\n\n\n\n<p>V\u0161echny podrobnosti z\u016fst\u00e1vaj\u00ed stejn\u00e9. Jede <strong>7 \u017e\u00e1k\u016f<\/strong> oboru <strong>Informa\u010dn\u00ed technologie<\/strong>, <strong>4 \u017e\u00e1ci<\/strong> oboru <strong>Obchodn\u00edk<\/strong> a <strong>2 \u017e\u00e1ci<\/strong> oboru <strong>Kucha\u0159\/\u010d\u00ed\u0161n\u00edk<\/strong>. Spolu s&nbsp;nimi pojedou 2 pedagogov\u00e9 z&nbsp;na\u0161\u00ed \u0161koly.<\/p>\n\n\n\n<p>V&nbsp;r\u00e1mci tohoto projektu je \u017e\u00e1k\u016fm <strong>pln\u011b hrazena<\/strong> <strong>doprava<\/strong> z&nbsp;Humpolce do Budape\u0161ti a zp\u011bt, <strong>ubytov\u00e1n\u00ed<\/strong> v&nbsp;m\u00edst\u011b (Adagio hostel Basilica, pokoje s&nbsp;koupelnou a WC), <strong>celodenn\u00ed strava<\/strong>, <strong>poji\u0161t\u011bn\u00ed<\/strong> (cestovn\u00ed, \u00farazov\u00e9, poji\u0161t\u011bn\u00ed odpov\u011bdnosti za \u0161kody zp\u016fsoben\u00e9 na majetku nebo zdrav\u00ed) a <strong>doprava po m\u011bst\u011b hromadnou dopravou<\/strong>. Studenti si s&nbsp;sebou vezmou pen\u00edze jen pro osobn\u00ed pot\u0159ebu.<\/p>\n\n\n\n<p>Pracovn\u00ed \u010dinnosti budou studenti vykon\u00e1vat p\u0159\u00edmo v&nbsp;budape\u0161\u0165sk\u00fdch firm\u00e1ch a jsou n\u00e1sleduj\u00edc\u00ed:<\/p>\n\n\n\n<ul><li><strong>obor IT<\/strong>: ve firm\u011b Skyshield Kft. \u00fa\u010dastn\u00edk identifikuje a odstra\u0148uje z\u00e1vady HW, instaluje, konfiguruje a spravuje opera\u010dn\u00ed syst\u00e9m, navrhuje a aplikuje vhodn\u00fd syst\u00e9m zabezpe\u010den\u00ed dat.<\/li><li><strong>obor Obchodn\u00edk<\/strong>: ve firm\u011b CBA Kereskedelmi Kft. \u00fa\u010dastn\u00edk prod\u00e1v\u00e1 kvalifikovan\u011b zbo\u017e\u00ed r\u016fzn\u00e9ho sortimentu v\u010detn\u011b zpracov\u00e1n\u00ed dokumentace spojen\u00e9 s n\u00e1kupem a prodejem zbo\u017e\u00ed, pracuje s pokladnami a pokladn\u00edmi syst\u00e9my, \u0159e\u0161\u00ed reklamace p\u0159i n\u00e1kupu a prodeji zbo\u017e\u00ed.<\/li><li><strong>obor Kucha\u0159\/\u010d\u00ed\u0161n\u00edk<\/strong>: v Rubin Wellness &amp; Conference Hotel \u00fa\u010dastn\u00edk skladuje potraviny a n\u00e1poje, sestavuje menu, j\u00eddeln\u00ed a n\u00e1pojov\u00e9 l\u00edstky podle gastronomick\u00fdch pravidel, sestavuje nab\u00eddkov\u00e9 listy v\u00fdrobk\u016f a slu\u017eeb podle r\u016fzn\u00fdch krit\u00e9ri\u00ed.<\/li><\/ul>\n\n\n\n<p>Uv\u011bdomujeme si, \u017ee st\u00e1vaj\u00edc\u00ed situace nen\u00ed jednoduch\u00e1, ale v\u011b\u0159\u00edme, \u017ee p\u0159i dodr\u017een\u00ed v\u0161ech hygienick\u00fdch pravidel, v\u00a0po\u0159\u00e1dku v\u0161e zvl\u00e1dneme. D\u011bkujeme pan\u00ed u\u010ditelce N\u00e1dvorn\u00edkov\u00e9 za v\u0161echny p\u0159\u00edpravn\u00e9 pr\u00e1ce, kter\u00e9 jsou nutn\u00e9 pro \u00fasp\u011b\u0161nou realizaci projektu. <\/p>\n","protected":false},"excerpt":{"rendered":"<p>Pl\u00e1novan\u00e1 zahrani\u010dn\u00ed st\u00e1\u017e v\u00a0Ma\u010farsku, na kterou jsme m\u011bli vyjet ji\u017e v\u00a0\u010dervnu 2020, byla dvakr\u00e1t odlo\u017eena kv\u016fli epidemiologick\u00e9 situaci. Dal\u0161\u00ed n\u00e1hradn\u00ed term\u00edn st\u00e1\u017ee je za dve\u0159mi. Odj\u00ed\u017ed\u00edme v sobotu 19. z\u00e1\u0159\u00ed [&hellip;]<\/p>\n","protected":false},"author":3,"featured_media":2615,"comment_status":"closed","ping_status":"closed","sticky":false,"template":"","format":"standard","meta":[],"categories":[2],"tags":[],"_links":{"self":[{"href":"https:\/\/www.stredniskola.com\/index.php\/wp-json\/wp\/v2\/posts\/2614"}],"collection":[{"href":"https:\/\/www.stredniskola.com\/index.php\/wp-json\/wp\/v2\/posts"}],"about":[{"href":"https:\/\/www.stredniskola.com\/index.php\/wp-json\/wp\/v2\/types\/post"}],"author":[{"embeddable":true,"href":"https:\/\/www.stredniskola.com\/index.php\/wp-json\/wp\/v2\/users\/3"}],"replies":[{"embeddable":true,"href":"https:\/\/www.stredniskola.com\/index.php\/wp-json\/wp\/v2\/comments?post=2614"}],"version-history":[{"count":1,"href":"https:\/\/www.stredniskola.com\/index.php\/wp-json\/wp\/v2\/posts\/2614\/revisions"}],"predecessor-version":[{"id":2616,"href":"https:\/\/www.stredniskola.com\/index.php\/wp-json\/wp\/v2\/posts\/2614\/revisions\/2616"}],"wp:featuredmedia":[{"embeddable":true,"href":"https:\/\/www.stredniskola.com\/index.php\/wp-json\/wp\/v2\/media\/2615"}],"wp:attachment":[{"href":"https:\/\/www.stredniskola.com\/index.php\/wp-json\/wp\/v2\/media?parent=2614"}],"wp:term":[{"taxonomy":"category","embeddable":true,"href":"https:\/\/www.stredniskola.com\/index.php\/wp-json\/wp\/v2\/categories?post=2614"},{"taxonomy":"post_tag","embeddable":true,"href":"https:\/\/www.stredniskola.com\/index.php\/wp-json\/wp\/v2\/tags?post=2614"}],"curies":[{"name":"wp","href":"https:\/\/api.w.org\/{rel}","templated":true}]}}