{"id":2617,"date":"2021-09-11T17:09:12","date_gmt":"2021-09-11T15:09:12","guid":{"rendered":"https:\/\/www.stredniskola.com\/?p=2617"},"modified":"2021-09-21T17:33:49","modified_gmt":"2021-09-21T15:33:49","slug":"zajistovali-jsme-obcerstveni-na-fesst-2021","status":"publish","type":"post","link":"https:\/\/www.stredniskola.com\/index.php\/2021\/09\/11\/zajistovali-jsme-obcerstveni-na-fesst-2021\/","title":{"rendered":"Zaji\u0161\u0165ovali jsme ob\u010derstven\u00ed na FESST 2021"},"content":{"rendered":"\n<p>Dne 10. 9. 2021 po\u0159\u00e1dalo m\u011bsto Humpolec festival soci\u00e1ln\u00edch slu\u017eeb u Mik\u00e1da i v Mik\u00e1du na Havl\u00ed\u010dkov\u011b n\u00e1m\u011bst\u00ed. Na celodenn\u00ed akci se p\u0159edstavovali poskytovatel\u00e9 soci\u00e1ln\u00edch i dal\u0161\u00ed slu\u017eeb, kter\u00e9 n\u00e1m pom\u00e1haj\u00ed v ka\u017edodenn\u00edm \u017eivot\u011b, Na\u0161i \u017e\u00e1ci z druh\u00e9ho a t\u0159et\u00edho u\u010debn\u00edho oboru Kucha\u0159 -\u010d\u00ed\u0161n\u00edk p\u0159ijali v\u00fdzvu a p\u0159ipravili v na\u0161\u00ed cvi\u010dn\u00e9 kuchyni ob\u010derstven\u00ed na tuto akci. Nechyb\u011bly r\u016fzn\u00e9 druhy oblo\u017een\u00fdch baget, chleb\u00ed\u010dky, tvarohov\u00e9 rohl\u00ed\u010dky, flambovan\u00e9 pala\u010dinky, m\u00e1slov\u00e9 su\u0161enky atd. Z n\u00e1poj\u016f byl nejv\u011bt\u0161\u00ed z\u00e1jem o m\u00edchan\u00e9 nealkoholick\u00e9 n\u00e1poje, kter\u00e9 vzorn\u011b p\u0159ipravovala Nat\u00e1lie Dvo\u0159\u00e1kov\u00e1. Velk\u00e9 pod\u011bkov\u00e1n\u00ed pat\u0159\u00ed v\u0161em kucha\u0159\u016fm pod veden\u00edm pan\u00ed u\u010ditelky Jany \u010cerven\u00e9. <\/p>\n\n\n\n<p>Samotn\u00e9 realizace na Havl\u00ed\u010dkov\u011b n\u00e1m\u011bst\u00ed se z\u00fa\u010dastnil siln\u00fd t\u00fdm, slo\u017een\u00fd z na\u0161ich u\u010ditel\u016f, student\u016f oboru Obchodn\u00edk  &#8211; Specialista na cestovn\u00ed ruch a oboru Kucha\u0159 &#8211; \u010d\u00ed\u0161n\u00edk.<\/p>\n\n\n\n<p><\/p>\n","protected":false},"excerpt":{"rendered":"<p>Dne 10. 9. 2021 po\u0159\u00e1dalo m\u011bsto Humpolec festival soci\u00e1ln\u00edch slu\u017eeb u Mik\u00e1da i v Mik\u00e1du na Havl\u00ed\u010dkov\u011b n\u00e1m\u011bst\u00ed. Na celodenn\u00ed akci se p\u0159edstavovali poskytovatel\u00e9 soci\u00e1ln\u00edch i dal\u0161\u00ed slu\u017eeb, kter\u00e9 n\u00e1m [&hellip;]<\/p>\n","protected":false},"author":3,"featured_media":2671,"comment_status":"open","ping_status":"open","sticky":false,"template":"","format":"standard","meta":[],"categories":[2],"tags":[],"_links":{"self":[{"href":"https:\/\/www.stredniskola.com\/index.php\/wp-json\/wp\/v2\/posts\/2617"}],"collection":[{"href":"https:\/\/www.stredniskola.com\/index.php\/wp-json\/wp\/v2\/posts"}],"about":[{"href":"https:\/\/www.stredniskola.com\/index.php\/wp-json\/wp\/v2\/types\/post"}],"author":[{"embeddable":true,"href":"https:\/\/www.stredniskola.com\/index.php\/wp-json\/wp\/v2\/users\/3"}],"replies":[{"embeddable":true,"href":"https:\/\/www.stredniskola.com\/index.php\/wp-json\/wp\/v2\/comments?post=2617"}],"version-history":[{"count":1,"href":"https:\/\/www.stredniskola.com\/index.php\/wp-json\/wp\/v2\/posts\/2617\/revisions"}],"predecessor-version":[{"id":2619,"href":"https:\/\/www.stredniskola.com\/index.php\/wp-json\/wp\/v2\/posts\/2617\/revisions\/2619"}],"wp:featuredmedia":[{"embeddable":true,"href":"https:\/\/www.stredniskola.com\/index.php\/wp-json\/wp\/v2\/media\/2671"}],"wp:attachment":[{"href":"https:\/\/www.stredniskola.com\/index.php\/wp-json\/wp\/v2\/media?parent=2617"}],"wp:term":[{"taxonomy":"category","embeddable":true,"href":"https:\/\/www.stredniskola.com\/index.php\/wp-json\/wp\/v2\/categories?post=2617"},{"taxonomy":"post_tag","embeddable":true,"href":"https:\/\/www.stredniskola.com\/index.php\/wp-json\/wp\/v2\/tags?post=2617"}],"curies":[{"name":"wp","href":"https:\/\/api.w.org\/{rel}","templated":true}]}}