{"id":27,"date":"2013-05-27T13:19:22","date_gmt":"2013-05-27T11:19:22","guid":{"rendered":"http:\/\/www.stredniskola.com\/cz\/index.php\/2013\/05\/27\/nove-zaverecne-zkousky\/"},"modified":"2022-11-06T10:08:20","modified_gmt":"2022-11-06T09:08:20","slug":"nove-zaverecne-zkousky","status":"publish","type":"post","link":"https:\/\/www.stredniskola.com\/index.php\/2013\/05\/27\/nove-zaverecne-zkousky\/","title":{"rendered":"Nov\u00e9 z\u00e1v\u011bre\u010dn\u00e9 zkou\u0161ky"},"content":{"rendered":"<p style=\"text-align: justify;\">Zkou\u0161ky prob\u00edhaj\u00ed podle jednotn\u00e9ho zad\u00e1n\u00ed, kter\u00e9 p\u0159ipravuj\u00ed zku\u0161en\u00ed pedagogov\u00e9 a spolupracuj\u00ed p\u0159itom se zam\u011bstnavateli v oboru a pracovn\u00edky N\u00daV. Nov\u00e1 z\u00e1v\u011bre\u010dn\u00e1 zkou\u0161ka je n\u00e1rodn\u00ed projekt M\u0160MT, kter\u00fd je spolufinancov\u00e1n Evropsk\u00fdm soci\u00e1ln\u00edm fondem a st\u00e1tn\u00edm rozpo\u010dtem \u010cR. O jeho realizaci se star\u00e1 N\u00e1rodn\u00ed \u00fastav pro vzd\u011bl\u00e1v\u00e1n\u00ed.<\/p>\n<p>Sjednocen\u00ed obsahu se t\u00fdk\u00e1 praktick\u00e9, p\u00edsemn\u00e9 i \u00fastn\u00ed \u010d\u00e1sti.<\/p>\n<p><!--more--><\/p>\n<p><strong>Jak\u00e9 zm\u011bny p\u0159in\u00e1\u0161\u00ed&nbsp; &#8222;Nov\u00e1 z\u00e1v\u011bre\u010dn\u00e1 zkou\u0161ka&#8220;?<\/strong><\/p>\n<ul>\n<li>t\u011bsn\u011bj\u0161\u00ed propojen\u00ed s re\u00e1lnou prax\u00ed<\/li>\n<li>absolventi mus\u00ed nejen ovl\u00e1dat sv\u016fj obor, ale tak\u00e9 se orientovat na trhu pr\u00e1ce<\/li>\n<li>v n\u011bkter\u00fdch oborech se zpracov\u00e1v\u00e1 samostatn\u00e1 odborn\u00e1 pr\u00e1ce<\/li>\n<li>pou\u017eit\u00ed jednotn\u00e9ho zad\u00e1n\u00ed zaru\u010duje vy\u0161\u0161\u00ed \u00farove\u0148 zkou\u0161ek<\/li>\n<li>d\u00edky sjednocen\u00e9 \u00farovni zkou\u0161ek se pos\u00edl\u00ed d\u016fv\u011bra zam\u011bstnavatel\u016f k absolvent\u016fm<\/li>\n<li>absolventi budou l\u00e9pe p\u0159ipraveni pro praxi a zv\u00fd\u0161\u00ed se jejich \u0161ance na dobr\u00e9 pracovn\u00ed uplatn\u011bn\u00ed<\/li>\n<\/ul>\n","protected":false},"excerpt":{"rendered":"<p>Zkou\u0161ky prob\u00edhaj\u00ed podle jednotn\u00e9ho zad\u00e1n\u00ed, kter\u00e9 p\u0159ipravuj\u00ed zku\u0161en\u00ed pedagogov\u00e9 a spolupracuj\u00ed p\u0159itom se zam\u011bstnavateli v oboru a pracovn\u00edky N\u00daV. Nov\u00e1 z\u00e1v\u011bre\u010dn\u00e1 zkou\u0161ka je n\u00e1rodn\u00ed projekt M\u0160MT, kter\u00fd je spolufinancov\u00e1n Evropsk\u00fdm [&hellip;]<\/p>\n","protected":false},"author":1,"featured_media":0,"comment_status":"closed","ping_status":"closed","sticky":false,"template":"","format":"standard","meta":[],"categories":[2],"tags":[],"_links":{"self":[{"href":"https:\/\/www.stredniskola.com\/index.php\/wp-json\/wp\/v2\/posts\/27"}],"collection":[{"href":"https:\/\/www.stredniskola.com\/index.php\/wp-json\/wp\/v2\/posts"}],"about":[{"href":"https:\/\/www.stredniskola.com\/index.php\/wp-json\/wp\/v2\/types\/post"}],"author":[{"embeddable":true,"href":"https:\/\/www.stredniskola.com\/index.php\/wp-json\/wp\/v2\/users\/1"}],"replies":[{"embeddable":true,"href":"https:\/\/www.stredniskola.com\/index.php\/wp-json\/wp\/v2\/comments?post=27"}],"version-history":[{"count":1,"href":"https:\/\/www.stredniskola.com\/index.php\/wp-json\/wp\/v2\/posts\/27\/revisions"}],"predecessor-version":[{"id":3629,"href":"https:\/\/www.stredniskola.com\/index.php\/wp-json\/wp\/v2\/posts\/27\/revisions\/3629"}],"wp:attachment":[{"href":"https:\/\/www.stredniskola.com\/index.php\/wp-json\/wp\/v2\/media?parent=27"}],"wp:term":[{"taxonomy":"category","embeddable":true,"href":"https:\/\/www.stredniskola.com\/index.php\/wp-json\/wp\/v2\/categories?post=27"},{"taxonomy":"post_tag","embeddable":true,"href":"https:\/\/www.stredniskola.com\/index.php\/wp-json\/wp\/v2\/tags?post=27"}],"curies":[{"name":"wp","href":"https:\/\/api.w.org\/{rel}","templated":true}]}}