{"id":2820,"date":"2021-11-02T11:33:54","date_gmt":"2021-11-02T10:33:54","guid":{"rendered":"https:\/\/www.stredniskola.com\/?p=2820"},"modified":"2021-11-02T11:37:20","modified_gmt":"2021-11-02T10:37:20","slug":"vysocina-education-festival","status":"publish","type":"post","link":"https:\/\/www.stredniskola.com\/index.php\/2021\/11\/02\/vysocina-education-festival\/","title":{"rendered":"Vyso\u010dina Education Festival"},"content":{"rendered":"\n<p>Ve dnech 22. a 23. \u0159\u00edjna se studenti i vyu\u010duj\u00edc\u00ed na\u0161\u00ed \u0161koly z\u00fa\u010dastnili Vyso\u010dina Education Festilu. Tuto akci po\u0159\u00e1dal Kraj Vyso\u010dina a hlavn\u00edm c\u00edlem bylo p\u0159edstavit modern\u00ed vzd\u011bl\u00e1v\u00e1n\u00ed \u0161irok\u00e9 ve\u0159ejnosti. V\u00a0Cityparku v\u00a0Jihlav\u011b jste n\u00e1s mohli naj\u00edt na stanovi\u0161ti GASTRO, kde na\u0161e d\u011bv\u010data m\u00edchala nealkoholov\u00e9 drinky a p\u0159edv\u00e1d\u011bla um\u011bn\u00ed ozdobn\u00e9ho vykrajov\u00e1n\u00ed ovoce carving.<\/p>\n\n\n\n<p>Dal\u0161\u00edm stanovi\u0161t\u011bm byly SLU\u017dBY, tady studenti z\u00e1jemc\u016fm p\u0159edvedli pr\u016fvodcovskou sadu. Poslucha\u010di obdr\u017eeli p\u0159ij\u00edma\u010d se sluch\u00e1tkem, p\u0159edn\u00e1\u0161ej\u00edc\u00ed hovo\u0159il do mikrofonu s vys\u00edla\u010dem.<\/p>\n\n\n\n<p>V\u00a0oblasti TECHNIKY jsme se prezentovali modelem \u201einteligentn\u00edho domu\u201c a grav\u00edrovac\u00edm a \u0159ezac\u00edm laserem.<\/p>\n\n\n\n<figure class=\"wp-block-image size-large\"><img loading=\"lazy\" width=\"1024\" height=\"768\" src=\"https:\/\/www.stredniskola.com\/wp-content\/uploads\/2021\/11\/244-1024x768.jpg\" alt=\"\" class=\"wp-image-2825\" srcset=\"https:\/\/www.stredniskola.com\/wp-content\/uploads\/2021\/11\/244-1024x768.jpg 1024w, https:\/\/www.stredniskola.com\/wp-content\/uploads\/2021\/11\/244-300x225.jpg 300w, https:\/\/www.stredniskola.com\/wp-content\/uploads\/2021\/11\/244-768x576.jpg 768w, https:\/\/www.stredniskola.com\/wp-content\/uploads\/2021\/11\/244-1536x1152.jpg 1536w, https:\/\/www.stredniskola.com\/wp-content\/uploads\/2021\/11\/244-750x563.jpg 750w, https:\/\/www.stredniskola.com\/wp-content\/uploads\/2021\/11\/244.jpg 1920w\" sizes=\"(max-width: 1024px) 100vw, 1024px\" \/><\/figure>\n\n\n\n<figure class=\"wp-block-image size-large\"><img loading=\"lazy\" width=\"1024\" height=\"768\" src=\"https:\/\/www.stredniskola.com\/wp-content\/uploads\/2021\/11\/252-1024x768.jpg\" alt=\"\" class=\"wp-image-2830\" srcset=\"https:\/\/www.stredniskola.com\/wp-content\/uploads\/2021\/11\/252-1024x768.jpg 1024w, https:\/\/www.stredniskola.com\/wp-content\/uploads\/2021\/11\/252-300x225.jpg 300w, https:\/\/www.stredniskola.com\/wp-content\/uploads\/2021\/11\/252-768x576.jpg 768w, https:\/\/www.stredniskola.com\/wp-content\/uploads\/2021\/11\/252-1536x1152.jpg 1536w, https:\/\/www.stredniskola.com\/wp-content\/uploads\/2021\/11\/252-750x563.jpg 750w, https:\/\/www.stredniskola.com\/wp-content\/uploads\/2021\/11\/252.jpg 1920w\" sizes=\"(max-width: 1024px) 100vw, 1024px\" \/><\/figure>\n\n\n\n<figure class=\"wp-block-image size-large\"><img loading=\"lazy\" width=\"1024\" height=\"768\" src=\"https:\/\/www.stredniskola.com\/wp-content\/uploads\/2021\/11\/254-1024x768.jpg\" alt=\"\" class=\"wp-image-2831\" srcset=\"https:\/\/www.stredniskola.com\/wp-content\/uploads\/2021\/11\/254-1024x768.jpg 1024w, https:\/\/www.stredniskola.com\/wp-content\/uploads\/2021\/11\/254-300x225.jpg 300w, https:\/\/www.stredniskola.com\/wp-content\/uploads\/2021\/11\/254-768x576.jpg 768w, https:\/\/www.stredniskola.com\/wp-content\/uploads\/2021\/11\/254-1536x1152.jpg 1536w, https:\/\/www.stredniskola.com\/wp-content\/uploads\/2021\/11\/254-750x563.jpg 750w, https:\/\/www.stredniskola.com\/wp-content\/uploads\/2021\/11\/254.jpg 1920w\" sizes=\"(max-width: 1024px) 100vw, 1024px\" \/><\/figure>\n","protected":false},"excerpt":{"rendered":"<p>Ve dnech 22. a 23. \u0159\u00edjna se studenti i vyu\u010duj\u00edc\u00ed na\u0161\u00ed \u0161koly z\u00fa\u010dastnili Vyso\u010dina Education Festilu. Tuto akci po\u0159\u00e1dal Kraj Vyso\u010dina a hlavn\u00edm c\u00edlem bylo p\u0159edstavit modern\u00ed vzd\u011bl\u00e1v\u00e1n\u00ed \u0161irok\u00e9 ve\u0159ejnosti. [&hellip;]<\/p>\n","protected":false},"author":3,"featured_media":2821,"comment_status":"closed","ping_status":"closed","sticky":false,"template":"","format":"standard","meta":[],"categories":[2],"tags":[],"_links":{"self":[{"href":"https:\/\/www.stredniskola.com\/index.php\/wp-json\/wp\/v2\/posts\/2820"}],"collection":[{"href":"https:\/\/www.stredniskola.com\/index.php\/wp-json\/wp\/v2\/posts"}],"about":[{"href":"https:\/\/www.stredniskola.com\/index.php\/wp-json\/wp\/v2\/types\/post"}],"author":[{"embeddable":true,"href":"https:\/\/www.stredniskola.com\/index.php\/wp-json\/wp\/v2\/users\/3"}],"replies":[{"embeddable":true,"href":"https:\/\/www.stredniskola.com\/index.php\/wp-json\/wp\/v2\/comments?post=2820"}],"version-history":[{"count":3,"href":"https:\/\/www.stredniskola.com\/index.php\/wp-json\/wp\/v2\/posts\/2820\/revisions"}],"predecessor-version":[{"id":2832,"href":"https:\/\/www.stredniskola.com\/index.php\/wp-json\/wp\/v2\/posts\/2820\/revisions\/2832"}],"wp:featuredmedia":[{"embeddable":true,"href":"https:\/\/www.stredniskola.com\/index.php\/wp-json\/wp\/v2\/media\/2821"}],"wp:attachment":[{"href":"https:\/\/www.stredniskola.com\/index.php\/wp-json\/wp\/v2\/media?parent=2820"}],"wp:term":[{"taxonomy":"category","embeddable":true,"href":"https:\/\/www.stredniskola.com\/index.php\/wp-json\/wp\/v2\/categories?post=2820"},{"taxonomy":"post_tag","embeddable":true,"href":"https:\/\/www.stredniskola.com\/index.php\/wp-json\/wp\/v2\/tags?post=2820"}],"curies":[{"name":"wp","href":"https:\/\/api.w.org\/{rel}","templated":true}]}}