{"id":2848,"date":"2021-11-10T08:41:45","date_gmt":"2021-11-10T07:41:45","guid":{"rendered":"https:\/\/www.stredniskola.com\/?p=2848"},"modified":"2021-11-10T08:41:45","modified_gmt":"2021-11-10T07:41:45","slug":"rodicovske-schuzky-22-11","status":"publish","type":"post","link":"https:\/\/www.stredniskola.com\/index.php\/2021\/11\/10\/rodicovske-schuzky-22-11\/","title":{"rendered":"Rodi\u010dovsk\u00e9 sch\u016fzky 22.11."},"content":{"rendered":"\n<p>V\u00e1\u017een\u00ed a mil\u00ed rodi\u010de,<br>sna\u017e\u00edme se i p\u0159es covidov\u00e1 omezen\u00ed postupovat podle harmonogramu tohoto \u0161koln\u00edho roku. To se bude t\u00fdkat i t\u0159\u00eddn\u00edch sch\u016fzek, kter\u00e9 tedy prob\u011bhnou <strong>v pond\u011bl\u00ed 22. listopadu od 15.30 do 17 hodin<\/strong>.\u00a0<\/p>\n\n\n\n<p>T\u0159\u00eddn\u00ed sch\u016fzky jsou sv\u00fdm charakterem posuzov\u00e1ny jako ve\u0159ejn\u00e9 akce, p\u0159i nich\u017e doch\u00e1z\u00ed ke kumulaci osob na jednom m\u00edst\u011b, a \u0159\u00edd\u00ed se tedy podle bodu 13 mimo\u0159\u00e1dn\u00e9ho opat\u0159en\u00ed, ze kter\u00e9ho vypl\u00fdv\u00e1 p\u0159edev\u0161\u00edm toto:<br>V p\u0159\u00edpad\u011b, \u017ee se t\u0159\u00eddn\u00edch sch\u016fzek najednou (v jedn\u00e9 m\u00edstnosti) \u00fa\u010dastn\u00ed v\u00edce ne\u017e 20 osob, je nezbytn\u00e9, aby se tyto osoby prok\u00e1zaly jednou z podm\u00ednek, viz <a rel=\"noreferrer noopener\" href=\"https:\/\/www.edu.cz\/covid-19\/faq-covid-19\/#34-\" target=\"_blank\">https:\/\/www.edu.cz\/covid-19\/faq-covid-19\/#34-<\/a>\u00a0<br>Organiz\u00e1tor akce, v tomto p\u0159\u00edpad\u011b \u0161kola, m\u00e1 pak obecn\u011b povinnost kontrolovat spln\u011bn\u00ed podm\u00ednek a osob\u00e1m \u00fa\u010dastn\u00edc\u00edm se t\u00e9to akce je stanovena povinnost prok\u00e1zat se spln\u011bn\u00edm podm\u00ednek.<br>St\u00e1le jsme doufali, \u017ee se rodi\u010dovsk\u00e9 sch\u016fzky uskute\u010dn\u00ed prezen\u010dn\u00ed formou. Tato setk\u00e1n\u00ed jsou pro na\u0161i pr\u00e1ci z\u00e1sadn\u00ed. S ohledem na sou\u010dasn\u00e1 hygienick\u00e1 opat\u0159en\u00ed jsme se ale rozhodli jako v minul\u00e9m \u0161koln\u00edm roce pro online formu, a to prost\u0159ednictv\u00edm aplikace MS Teams.<\/p>\n\n\n\n<p>Program:<\/p>\n\n\n\n<ol type=\"1\"><li>spole\u010dn\u00e1 sch\u016fzka s&nbsp;t\u0159\u00eddn\u00edm u\u010ditelem &#8211; od 15:30. P\u0159ihlaste se pomoc\u00ed pozv\u00e1nky (klikn\u011bte pro p\u0159ihl\u00e1\u0161en\u00ed) do vybran\u00e9 sch\u016fzky k&nbsp;t\u0159\u00eddn\u00edmu u\u010diteli, budete \u010dekat v&nbsp;tzv. p\u0159eds\u00e1l\u00ed, vyu\u010duj\u00edc\u00ed V\u00e1s do sch\u016fzky vpust\u00ed.<\/li><li>Po skon\u010den\u00ed sch\u016fzky s&nbsp;t\u0159\u00eddn\u00edm u\u010ditelem je prostor pro konzultace s&nbsp;jednotliv\u00fdmi vyu\u010duj\u00edc\u00edmi. Op\u011bt se p\u0159ihlaste se do vybran\u00e9 sch\u016fzky a ocitnete se zase v tzv. p\u0159eds\u00e1l\u00ed. Vyu\u010duj\u00edc\u00ed si V\u00e1s tentokr\u00e1t bude po jednom pou\u0161t\u011bt na sch\u016fzku, aby sd\u011blovan\u00e9 informace o Va\u0161em d\u00edt\u011bti neposlouchal nikdo dal\u0161\u00ed. Na jednu konzultaci je vymezeno maxim\u00e1ln\u011b 10 minut. M\u016f\u017ee se tedy st\u00e1t, \u017ee budete v p\u0159eds\u00e1l\u00ed \u010dekat del\u0161\u00ed dobu.<\/li><\/ol>\n\n\n\n<p><strong>Tabulku, kde najdete u ka\u017ed\u00e9ho vyu\u010duj\u00edc\u00edho odkaz pro p\u0159ipojen\u00ed ke sch\u016fzce online p\u0159es MS Teams, naleznete v informa\u010dn\u00edm syst\u00e9mu Bakal\u00e1\u0159i. Zde najdete tak\u00e9 postup pro p\u0159ipojen\u00ed se ke sch\u016fzce.<\/strong> V p\u0159\u00edpad\u011b komplikac\u00ed se nejprve zeptejte Va\u0161ich d\u011bt\u00ed. Prost\u0159ed\u00ed dob\u0159e znaj\u00ed a m\u011bly by V\u00e1m b\u00fdt schopn\u00e9 pomoct s p\u0159ihl\u00e1\u0161en\u00edm do sch\u016fzky.<br>T\u011b\u0161\u00edme se na setk\u00e1n\u00ed s V\u00e1mi.<\/p>\n","protected":false},"excerpt":{"rendered":"<p>V\u00e1\u017een\u00ed a mil\u00ed rodi\u010de,sna\u017e\u00edme se i p\u0159es covidov\u00e1 omezen\u00ed postupovat podle harmonogramu tohoto \u0161koln\u00edho roku. To se bude t\u00fdkat i t\u0159\u00eddn\u00edch sch\u016fzek, kter\u00e9 tedy prob\u011bhnou v pond\u011bl\u00ed 22. listopadu od [&hellip;]<\/p>\n","protected":false},"author":3,"featured_media":2096,"comment_status":"closed","ping_status":"closed","sticky":false,"template":"","format":"standard","meta":[],"categories":[2],"tags":[],"_links":{"self":[{"href":"https:\/\/www.stredniskola.com\/index.php\/wp-json\/wp\/v2\/posts\/2848"}],"collection":[{"href":"https:\/\/www.stredniskola.com\/index.php\/wp-json\/wp\/v2\/posts"}],"about":[{"href":"https:\/\/www.stredniskola.com\/index.php\/wp-json\/wp\/v2\/types\/post"}],"author":[{"embeddable":true,"href":"https:\/\/www.stredniskola.com\/index.php\/wp-json\/wp\/v2\/users\/3"}],"replies":[{"embeddable":true,"href":"https:\/\/www.stredniskola.com\/index.php\/wp-json\/wp\/v2\/comments?post=2848"}],"version-history":[{"count":1,"href":"https:\/\/www.stredniskola.com\/index.php\/wp-json\/wp\/v2\/posts\/2848\/revisions"}],"predecessor-version":[{"id":2849,"href":"https:\/\/www.stredniskola.com\/index.php\/wp-json\/wp\/v2\/posts\/2848\/revisions\/2849"}],"wp:featuredmedia":[{"embeddable":true,"href":"https:\/\/www.stredniskola.com\/index.php\/wp-json\/wp\/v2\/media\/2096"}],"wp:attachment":[{"href":"https:\/\/www.stredniskola.com\/index.php\/wp-json\/wp\/v2\/media?parent=2848"}],"wp:term":[{"taxonomy":"category","embeddable":true,"href":"https:\/\/www.stredniskola.com\/index.php\/wp-json\/wp\/v2\/categories?post=2848"},{"taxonomy":"post_tag","embeddable":true,"href":"https:\/\/www.stredniskola.com\/index.php\/wp-json\/wp\/v2\/tags?post=2848"}],"curies":[{"name":"wp","href":"https:\/\/api.w.org\/{rel}","templated":true}]}}