{"id":2893,"date":"2021-12-13T13:48:10","date_gmt":"2021-12-13T12:48:10","guid":{"rendered":"https:\/\/www.stredniskola.com\/?p=2893"},"modified":"2021-12-13T13:48:10","modified_gmt":"2021-12-13T12:48:10","slug":"krizem-krazem-svetem-obnovitelnych-energii","status":"publish","type":"post","link":"https:\/\/www.stredniskola.com\/index.php\/2021\/12\/13\/krizem-krazem-svetem-obnovitelnych-energii\/","title":{"rendered":"K\u0159\u00ed\u017eem kr\u00e1\u017eem sv\u011btem obnoviteln\u00fdch energi\u00ed"},"content":{"rendered":"\n<p>O vod\u011b, vzduchu a sv\u011bte aneb Virtu\u00e1ln\u011b v&nbsp;elektr\u00e1rn\u011b. N\u00e1zev jako stvo\u0159en\u00fd pro n\u011bjak\u00fd p\u0159\u00edb\u011bh, ov\u0161em nejedn\u00e1 se o n\u00e1zev nov\u00e9 \u0161t\u011bdrove\u010dern\u00ed poh\u00e1dky, n\u00fdbr\u017e o ekologicky zam\u011b\u0159en\u00fd projekt, ur\u010den\u00fd student\u016fm st\u0159edn\u00edch \u0161kol.<\/p>\n\n\n\n<p>Jedn\u00e9 z\u00a0mnoha t\u011bchto exkurz\u00ed se ve st\u0159edu 1. 12. 2021 z\u00fa\u010dastnili studenti 3. K a 3. RG. C\u00edlem programu Virtu\u00e1ln\u011b v\u00a0elektr\u00e1rn\u011b je prezentace alternativn\u00edch, udr\u017eiteln\u00fdch zdroj\u016f energie a zav\u00e9st z\u00e1jemce i na m\u00edsta, kam se b\u011b\u017en\u00fd smrteln\u00edk nedostane. B\u011bhem hodinov\u00e9 exkurze jsme postupn\u011b nav\u0161t\u00edvili Malou vodn\u00ed elektr\u00e1rnu Hu\u010d\u00e1k u Hradce Kr\u00e1lov\u00e9, vodn\u00ed elektr\u00e1rnu Orl\u00edk a vystoupali a\u017e k\u00a0nebesk\u00fdm v\u00fd\u0161in\u00e1m do gondoly v\u011btrn\u00e9 elektr\u00e1rny. Nov\u011b nabyt\u00e9 znalosti jsme n\u00e1sledn\u011b ov\u011b\u0159ili v\u00a0sout\u011b\u017en\u00edm kl\u00e1n\u00ed, kde jsme \u201eulovili\u201c i cenu nejvy\u0161\u0161\u00ed, tedy ply\u0161ov\u00e9ho maskota cel\u00e9ho projektu.<\/p>\n\n\n\n<p>Bc. Martin Folejtar<\/p>\n","protected":false},"excerpt":{"rendered":"<p>O vod\u011b, vzduchu a sv\u011bte aneb Virtu\u00e1ln\u011b v&nbsp;elektr\u00e1rn\u011b. N\u00e1zev jako stvo\u0159en\u00fd pro n\u011bjak\u00fd p\u0159\u00edb\u011bh, ov\u0161em nejedn\u00e1 se o n\u00e1zev nov\u00e9 \u0161t\u011bdrove\u010dern\u00ed poh\u00e1dky, n\u00fdbr\u017e o ekologicky zam\u011b\u0159en\u00fd projekt, ur\u010den\u00fd student\u016fm st\u0159edn\u00edch [&hellip;]<\/p>\n","protected":false},"author":3,"featured_media":2894,"comment_status":"closed","ping_status":"closed","sticky":false,"template":"","format":"standard","meta":[],"categories":[2],"tags":[],"_links":{"self":[{"href":"https:\/\/www.stredniskola.com\/index.php\/wp-json\/wp\/v2\/posts\/2893"}],"collection":[{"href":"https:\/\/www.stredniskola.com\/index.php\/wp-json\/wp\/v2\/posts"}],"about":[{"href":"https:\/\/www.stredniskola.com\/index.php\/wp-json\/wp\/v2\/types\/post"}],"author":[{"embeddable":true,"href":"https:\/\/www.stredniskola.com\/index.php\/wp-json\/wp\/v2\/users\/3"}],"replies":[{"embeddable":true,"href":"https:\/\/www.stredniskola.com\/index.php\/wp-json\/wp\/v2\/comments?post=2893"}],"version-history":[{"count":1,"href":"https:\/\/www.stredniskola.com\/index.php\/wp-json\/wp\/v2\/posts\/2893\/revisions"}],"predecessor-version":[{"id":2895,"href":"https:\/\/www.stredniskola.com\/index.php\/wp-json\/wp\/v2\/posts\/2893\/revisions\/2895"}],"wp:featuredmedia":[{"embeddable":true,"href":"https:\/\/www.stredniskola.com\/index.php\/wp-json\/wp\/v2\/media\/2894"}],"wp:attachment":[{"href":"https:\/\/www.stredniskola.com\/index.php\/wp-json\/wp\/v2\/media?parent=2893"}],"wp:term":[{"taxonomy":"category","embeddable":true,"href":"https:\/\/www.stredniskola.com\/index.php\/wp-json\/wp\/v2\/categories?post=2893"},{"taxonomy":"post_tag","embeddable":true,"href":"https:\/\/www.stredniskola.com\/index.php\/wp-json\/wp\/v2\/tags?post=2893"}],"curies":[{"name":"wp","href":"https:\/\/api.w.org\/{rel}","templated":true}]}}