{"id":2961,"date":"2022-01-14T14:36:38","date_gmt":"2022-01-14T13:36:38","guid":{"rendered":"https:\/\/www.stredniskola.com\/?p=2961"},"modified":"2022-01-14T14:36:38","modified_gmt":"2022-01-14T13:36:38","slug":"zahranicni-staz-v-budapesti-a-slovenskych-mojmirovcich","status":"publish","type":"post","link":"https:\/\/www.stredniskola.com\/index.php\/2022\/01\/14\/zahranicni-staz-v-budapesti-a-slovenskych-mojmirovcich\/","title":{"rendered":"ZAHRANI\u010cN\u00cd ST\u00c1\u017d V BUDAPE\u0160TI A SLOVENSK\u00ddCH MOJM\u00cdROVC\u00cdCH"},"content":{"rendered":"\n<p>S&nbsp;nov\u00fdm rokem se pro na\u0161e studenty p\u0159ibl\u00ed\u017eila i mo\u017enost z\u00fa\u010dastnit se dal\u0161\u00ed pracovn\u00ed st\u00e1\u017ee v&nbsp;zahrani\u010d\u00ed v&nbsp;r\u00e1mci programu Erasmus+.<\/p>\n\n\n\n<p>Studenti oboru IT a reproduk\u010dn\u00ed grafik vyraz\u00ed na pracovn\u00ed st\u00e1\u017e do Budape\u0161ti, zat\u00edmco studenti oboru Kucha\u0159-\u010d\u00ed\u0161n\u00edk a Obchodn\u00edk vyjedou tentokr\u00e1t na Slovensko, konkr\u00e9tn\u011b do Ka\u0161tie\u013eu Mojm\u00edrovce. Se skupinou \u017e\u00e1k\u016f pojede tak\u00e9 pedagogick\u00fd dozor, kter\u00fd bude \u017e\u00e1k\u016fm po celou dobu st\u00e1\u017ee k dispozici.<\/p>\n\n\n\n<p>V&nbsp;r\u00e1mci pobytu budou studenti zam\u011bstn\u00e1ni ve firm\u00e1ch, co\u017e by m\u011blo rozvinout jejich schopnosti nejen v&nbsp;ciz\u00edm jazyce, ale i v&nbsp;odborn\u00e9 \u010dinnosti. Pr\u00e1ce prob\u00edh\u00e1 na prov\u011b\u0159en\u00fdch pracovi\u0161t\u00edch<\/p>\n\n\n\n<p>Jsme velmi r\u00e1di, \u017ee m\u016f\u017eeme na\u0161im student\u016fm i v&nbsp;tomto roce nab\u00eddnout mo\u017enost dal\u0161\u00edho vzd\u011bl\u00e1v\u00e1n\u00ed a osobn\u00edho rozvoje formou zahrani\u010dn\u00ed praxe.<\/p>\n","protected":false},"excerpt":{"rendered":"<p>S&nbsp;nov\u00fdm rokem se pro na\u0161e studenty p\u0159ibl\u00ed\u017eila i mo\u017enost z\u00fa\u010dastnit se dal\u0161\u00ed pracovn\u00ed st\u00e1\u017ee v&nbsp;zahrani\u010d\u00ed v&nbsp;r\u00e1mci programu Erasmus+. Studenti oboru IT a reproduk\u010dn\u00ed grafik vyraz\u00ed na pracovn\u00ed st\u00e1\u017e do Budape\u0161ti, [&hellip;]<\/p>\n","protected":false},"author":3,"featured_media":2963,"comment_status":"closed","ping_status":"closed","sticky":false,"template":"","format":"standard","meta":[],"categories":[2],"tags":[],"_links":{"self":[{"href":"https:\/\/www.stredniskola.com\/index.php\/wp-json\/wp\/v2\/posts\/2961"}],"collection":[{"href":"https:\/\/www.stredniskola.com\/index.php\/wp-json\/wp\/v2\/posts"}],"about":[{"href":"https:\/\/www.stredniskola.com\/index.php\/wp-json\/wp\/v2\/types\/post"}],"author":[{"embeddable":true,"href":"https:\/\/www.stredniskola.com\/index.php\/wp-json\/wp\/v2\/users\/3"}],"replies":[{"embeddable":true,"href":"https:\/\/www.stredniskola.com\/index.php\/wp-json\/wp\/v2\/comments?post=2961"}],"version-history":[{"count":1,"href":"https:\/\/www.stredniskola.com\/index.php\/wp-json\/wp\/v2\/posts\/2961\/revisions"}],"predecessor-version":[{"id":2964,"href":"https:\/\/www.stredniskola.com\/index.php\/wp-json\/wp\/v2\/posts\/2961\/revisions\/2964"}],"wp:featuredmedia":[{"embeddable":true,"href":"https:\/\/www.stredniskola.com\/index.php\/wp-json\/wp\/v2\/media\/2963"}],"wp:attachment":[{"href":"https:\/\/www.stredniskola.com\/index.php\/wp-json\/wp\/v2\/media?parent=2961"}],"wp:term":[{"taxonomy":"category","embeddable":true,"href":"https:\/\/www.stredniskola.com\/index.php\/wp-json\/wp\/v2\/categories?post=2961"},{"taxonomy":"post_tag","embeddable":true,"href":"https:\/\/www.stredniskola.com\/index.php\/wp-json\/wp\/v2\/tags?post=2961"}],"curies":[{"name":"wp","href":"https:\/\/api.w.org\/{rel}","templated":true}]}}