{"id":3427,"date":"2022-08-19T05:49:37","date_gmt":"2022-08-19T03:49:37","guid":{"rendered":"https:\/\/www.stredniskola.com\/?p=3427"},"modified":"2022-08-19T05:49:37","modified_gmt":"2022-08-19T03:49:37","slug":"adaptacni-kurz-pro-prvni-rocniky","status":"publish","type":"post","link":"https:\/\/www.stredniskola.com\/index.php\/2022\/08\/19\/adaptacni-kurz-pro-prvni-rocniky\/","title":{"rendered":"Adapta\u010dn\u00ed kurz pro prvn\u00ed ro\u010dn\u00edky"},"content":{"rendered":"\n<p>Adapta\u010dn\u00ed kurz je pojem, kter\u00fd se stal sou\u010d\u00e1st\u00ed \u017eivota \u0161kol, zejm\u00e9na st\u0159edn\u00edch. I my jsme se k t\u00e9to aktivit\u011b p\u0159ed n\u011bkolika lety vr\u00e1tili. Uv\u011bdomujeme si, jak obt\u00ed\u017en\u00fd je p\u0159echod ze z\u00e1kladn\u00ed \u0161koly na st\u0159edn\u00ed a t\u0159\u00eddenn\u00ed pobyt mimo \u0161koln\u00ed prost\u0159ed\u00ed v\u00fdznamn\u011b napom\u00e1h\u00e1 student\u016fm p\u0159ekonat prvn\u00ed drobn\u011bj\u0161\u00ed p\u0159ek\u00e1\u017eky.\u00a0C\u00edlem t\u011bchto kurz\u016f je pomoci \u017e\u00e1k\u016fm p\u0159i vytv\u00e1\u0159en\u00ed t\u0159\u00eddn\u00edho kolektivu, u\u010dit je spolupracovat a vyvolat pocit soun\u00e1le\u017eitosti ke t\u0159\u00edd\u011b i ke \u0161kole, rozv\u00edjet pozitivn\u00ed klima. Na\u0161e zku\u0161enosti napov\u00eddaj\u00ed, \u017ee se n\u00e1m to da\u0159\u00ed.<\/p>\n\n\n\n<p>Letos adapta\u010dn\u00ed kurz prob\u011bhne od 5. do 7. z\u00e1\u0159\u00ed. Na\u0161t\u011bst\u00ed bez covidov\u00fdch opat\u0159en\u00ed. Vedle pan\u00ed z\u00e1stupkyn\u011b Lutnerov\u00e9 budou na akci po celou dobu v\u0161ichni t\u0159\u00eddn\u00ed u\u010ditel\u00e9 prvn\u00edch ro\u010dn\u00edk\u016f. My ostatn\u00ed r\u00e1di zav\u00edt\u00e1me na n\u00e1v\u0161t\u011bvu. <\/p>\n","protected":false},"excerpt":{"rendered":"<p>Adapta\u010dn\u00ed kurz je pojem, kter\u00fd se stal sou\u010d\u00e1st\u00ed \u017eivota \u0161kol, zejm\u00e9na st\u0159edn\u00edch. I my jsme se k t\u00e9to aktivit\u011b p\u0159ed n\u011bkolika lety vr\u00e1tili. Uv\u011bdomujeme si, jak obt\u00ed\u017en\u00fd je p\u0159echod ze [&hellip;]<\/p>\n","protected":false},"author":3,"featured_media":0,"comment_status":"open","ping_status":"open","sticky":false,"template":"","format":"standard","meta":[],"categories":[1],"tags":[],"_links":{"self":[{"href":"https:\/\/www.stredniskola.com\/index.php\/wp-json\/wp\/v2\/posts\/3427"}],"collection":[{"href":"https:\/\/www.stredniskola.com\/index.php\/wp-json\/wp\/v2\/posts"}],"about":[{"href":"https:\/\/www.stredniskola.com\/index.php\/wp-json\/wp\/v2\/types\/post"}],"author":[{"embeddable":true,"href":"https:\/\/www.stredniskola.com\/index.php\/wp-json\/wp\/v2\/users\/3"}],"replies":[{"embeddable":true,"href":"https:\/\/www.stredniskola.com\/index.php\/wp-json\/wp\/v2\/comments?post=3427"}],"version-history":[{"count":1,"href":"https:\/\/www.stredniskola.com\/index.php\/wp-json\/wp\/v2\/posts\/3427\/revisions"}],"predecessor-version":[{"id":3428,"href":"https:\/\/www.stredniskola.com\/index.php\/wp-json\/wp\/v2\/posts\/3427\/revisions\/3428"}],"wp:attachment":[{"href":"https:\/\/www.stredniskola.com\/index.php\/wp-json\/wp\/v2\/media?parent=3427"}],"wp:term":[{"taxonomy":"category","embeddable":true,"href":"https:\/\/www.stredniskola.com\/index.php\/wp-json\/wp\/v2\/categories?post=3427"},{"taxonomy":"post_tag","embeddable":true,"href":"https:\/\/www.stredniskola.com\/index.php\/wp-json\/wp\/v2\/tags?post=3427"}],"curies":[{"name":"wp","href":"https:\/\/api.w.org\/{rel}","templated":true}]}}