{"id":3439,"date":"2022-08-22T06:32:30","date_gmt":"2022-08-22T04:32:30","guid":{"rendered":"https:\/\/www.stredniskola.com\/?p=3439"},"modified":"2022-08-22T06:32:30","modified_gmt":"2022-08-22T04:32:30","slug":"adaptacni-kurz-pro-pedagogicky-sbor","status":"publish","type":"post","link":"https:\/\/www.stredniskola.com\/index.php\/2022\/08\/22\/adaptacni-kurz-pro-pedagogicky-sbor\/","title":{"rendered":"Adapta\u010dn\u00ed kurz pro pedagogick\u00fd sbor"},"content":{"rendered":"\n<p>Ve dnech 23. a\u017e 25. 8. bude ve \u0161kole omezen provoz. Pedagogick\u00fd sbor zahajuje p\u0159\u00edpravn\u00fd t\u00fdden pro nov\u00fd \u0161koln\u00ed rok v resortu Kastiel Mojm\u00edrovce na Slovensku. Pracovn\u00ed aktivity budou st\u0159\u00eddat aktivity wellnesov\u00e9. P\u0159\u00edjemn\u00fd n\u00e1stup do \u0161koln\u00edho roku 22\/23 si n\u00e1\u0161 pedagogick\u00fd zaslou\u017e\u00ed jako odm\u011bnu za svou pr\u00e1ci. D\u00edky n\u00ed je o studium na na\u0161\u00ed \u0161kole st\u00e1le v\u011bt\u0161\u00ed z\u00e1jem. Tento \u0161koln\u00ed rok m\u00e1me na 100% napln\u011bnu kapacitu \u0161koly. Budeme se sna\u017eit v dobr\u00e9 pr\u00e1ci pokra\u010dovat. <\/p>\n","protected":false},"excerpt":{"rendered":"<p>Ve dnech 23. a\u017e 25. 8. bude ve \u0161kole omezen provoz. Pedagogick\u00fd sbor zahajuje p\u0159\u00edpravn\u00fd t\u00fdden pro nov\u00fd \u0161koln\u00ed rok v resortu Kastiel Mojm\u00edrovce na Slovensku. Pracovn\u00ed aktivity budou st\u0159\u00eddat [&hellip;]<\/p>\n","protected":false},"author":3,"featured_media":3274,"comment_status":"open","ping_status":"open","sticky":false,"template":"","format":"standard","meta":[],"categories":[2],"tags":[],"_links":{"self":[{"href":"https:\/\/www.stredniskola.com\/index.php\/wp-json\/wp\/v2\/posts\/3439"}],"collection":[{"href":"https:\/\/www.stredniskola.com\/index.php\/wp-json\/wp\/v2\/posts"}],"about":[{"href":"https:\/\/www.stredniskola.com\/index.php\/wp-json\/wp\/v2\/types\/post"}],"author":[{"embeddable":true,"href":"https:\/\/www.stredniskola.com\/index.php\/wp-json\/wp\/v2\/users\/3"}],"replies":[{"embeddable":true,"href":"https:\/\/www.stredniskola.com\/index.php\/wp-json\/wp\/v2\/comments?post=3439"}],"version-history":[{"count":1,"href":"https:\/\/www.stredniskola.com\/index.php\/wp-json\/wp\/v2\/posts\/3439\/revisions"}],"predecessor-version":[{"id":3440,"href":"https:\/\/www.stredniskola.com\/index.php\/wp-json\/wp\/v2\/posts\/3439\/revisions\/3440"}],"wp:featuredmedia":[{"embeddable":true,"href":"https:\/\/www.stredniskola.com\/index.php\/wp-json\/wp\/v2\/media\/3274"}],"wp:attachment":[{"href":"https:\/\/www.stredniskola.com\/index.php\/wp-json\/wp\/v2\/media?parent=3439"}],"wp:term":[{"taxonomy":"category","embeddable":true,"href":"https:\/\/www.stredniskola.com\/index.php\/wp-json\/wp\/v2\/categories?post=3439"},{"taxonomy":"post_tag","embeddable":true,"href":"https:\/\/www.stredniskola.com\/index.php\/wp-json\/wp\/v2\/tags?post=3439"}],"curies":[{"name":"wp","href":"https:\/\/api.w.org\/{rel}","templated":true}]}}