{"id":3657,"date":"2022-12-27T13:45:17","date_gmt":"2022-12-27T12:45:17","guid":{"rendered":"https:\/\/www.stredniskola.com\/?p=3657"},"modified":"2023-03-14T07:49:13","modified_gmt":"2023-03-14T06:49:13","slug":"vyhlaseni-1-kola-prijimaciho-rizeni-pro-prijeti-ke-vzdelavani-do-1-rocniku-ve-skolnim-roce-2023-2024-kombinovana-forma-zkracene-dvoulete-studium","status":"publish","type":"post","link":"https:\/\/www.stredniskola.com\/index.php\/2022\/12\/27\/vyhlaseni-1-kola-prijimaciho-rizeni-pro-prijeti-ke-vzdelavani-do-1-rocniku-ve-skolnim-roce-2023-2024-kombinovana-forma-zkracene-dvoulete-studium\/","title":{"rendered":"Vyhl\u00e1\u0161en\u00ed 1. kola p\u0159ij\u00edmac\u00edho \u0159\u00edzen\u00ed pro p\u0159ijet\u00ed ke vzd\u011bl\u00e1v\u00e1n\u00ed do 1. ro\u010dn\u00edku ve \u0161koln\u00edm roce 2023\/2024 kombinovan\u00e1 forma zkr\u00e1cen\u00e9 dvoulet\u00e9 studium"},"content":{"rendered":"\n<p>V souladu s ustanoven\u00edm \u00a7 60 odst. 1 z\u00e1kona 561\/2004 Sb., o p\u0159ed\u0161koln\u00edm, z\u00e1kladn\u00edm, st\u0159edn\u00edm, vy\u0161\u0161\u00edm odborn\u00e9m a jin\u00e9m vzd\u011bl\u00e1v\u00e1n\u00ed (\u0161kolsk\u00fd z\u00e1kon), ve zn\u011bn\u00ed pozd\u011bj\u0161\u00edch p\u0159edpis\u016f \u0159editelka St\u0159edn\u00ed \u0161koly informatiky a cestovn\u00edho ruchu S\u010cMSD Humpolec, s.r.o. vyhla\u0161uje <strong>1. kolo p\u0159ij\u00edmac\u00edho \u0159\u00edzen\u00ed do 1. ro\u010dn\u00edku \u0161koln\u00edho roku 2023\/2024 do kombinovan\u00e9 formy studia pro dosp\u011bl\u00e9 uchaze\u010de o zkr\u00e1cen\u00e9 dvoulet\u00e9 studium v oboru P\u0159ed\u0161koln\u00ed a mimo\u0161koln\u00ed pedagogika. <\/strong><\/p>\n\n\n\n<p>Podrobnosti ke sta\u017een\u00ed:<\/p>\n\n\n\n<div class=\"wp-block-file\"><a href=\"https:\/\/www.stredniskola.com\/wp-content\/uploads\/2022\/12\/23_01-1.-kolo-vyhlaseni-2023-PMP.pdf\">Vyhl\u00e1\u0161en\u00ed 1. kola p\u0159ij\u00edmac\u00edho \u0159\u00edzen\u00ed pro PMP<\/a><a href=\"https:\/\/www.stredniskola.com\/wp-content\/uploads\/2022\/12\/23_01-1.-kolo-vyhlaseni-2023-PMP.pdf\" class=\"wp-block-file__button\" download>St\u00e1hnout<\/a><\/div>\n\n\n\n<p><\/p>\n","protected":false},"excerpt":{"rendered":"<p>V souladu s ustanoven\u00edm \u00a7 60 odst. 1 z\u00e1kona 561\/2004 Sb., o p\u0159ed\u0161koln\u00edm, z\u00e1kladn\u00edm, st\u0159edn\u00edm, vy\u0161\u0161\u00edm odborn\u00e9m a jin\u00e9m vzd\u011bl\u00e1v\u00e1n\u00ed (\u0161kolsk\u00fd z\u00e1kon), ve zn\u011bn\u00ed pozd\u011bj\u0161\u00edch p\u0159edpis\u016f \u0159editelka St\u0159edn\u00ed \u0161koly informatiky [&hellip;]<\/p>\n","protected":false},"author":3,"featured_media":0,"comment_status":"closed","ping_status":"closed","sticky":false,"template":"","format":"standard","meta":[],"categories":[2],"tags":[],"_links":{"self":[{"href":"https:\/\/www.stredniskola.com\/index.php\/wp-json\/wp\/v2\/posts\/3657"}],"collection":[{"href":"https:\/\/www.stredniskola.com\/index.php\/wp-json\/wp\/v2\/posts"}],"about":[{"href":"https:\/\/www.stredniskola.com\/index.php\/wp-json\/wp\/v2\/types\/post"}],"author":[{"embeddable":true,"href":"https:\/\/www.stredniskola.com\/index.php\/wp-json\/wp\/v2\/users\/3"}],"replies":[{"embeddable":true,"href":"https:\/\/www.stredniskola.com\/index.php\/wp-json\/wp\/v2\/comments?post=3657"}],"version-history":[{"count":2,"href":"https:\/\/www.stredniskola.com\/index.php\/wp-json\/wp\/v2\/posts\/3657\/revisions"}],"predecessor-version":[{"id":3689,"href":"https:\/\/www.stredniskola.com\/index.php\/wp-json\/wp\/v2\/posts\/3657\/revisions\/3689"}],"wp:attachment":[{"href":"https:\/\/www.stredniskola.com\/index.php\/wp-json\/wp\/v2\/media?parent=3657"}],"wp:term":[{"taxonomy":"category","embeddable":true,"href":"https:\/\/www.stredniskola.com\/index.php\/wp-json\/wp\/v2\/categories?post=3657"},{"taxonomy":"post_tag","embeddable":true,"href":"https:\/\/www.stredniskola.com\/index.php\/wp-json\/wp\/v2\/tags?post=3657"}],"curies":[{"name":"wp","href":"https:\/\/api.w.org\/{rel}","templated":true}]}}