{"id":3669,"date":"2022-11-29T15:58:36","date_gmt":"2022-11-29T14:58:36","guid":{"rendered":"https:\/\/www.stredniskola.com\/?p=3669"},"modified":"2022-11-29T15:59:26","modified_gmt":"2022-11-29T14:59:26","slug":"uspesna-realizace-zahranicnich-odbornych-praxi-nasich-studentu","status":"publish","type":"post","link":"https:\/\/www.stredniskola.com\/index.php\/2022\/11\/29\/uspesna-realizace-zahranicnich-odbornych-praxi-nasich-studentu\/","title":{"rendered":"\u00dasp\u011b\u0161n\u00e1 realizace zahrani\u010dn\u00edch odborn\u00fdch prax\u00ed na\u0161ich student\u016f"},"content":{"rendered":"\n<p>Na\u0161ich 12 student\u016f ze studijn\u00edho oboru Informa\u010dn\u00ed technologie (2. IT a 4. IT) se o v\u00edkendu navr\u00e1tilo ze st\u00e1\u017ee Erasmus+ v Budape\u0161ti. V Budape\u0161ti str\u00e1vili 14 dn\u016f (od 19.11. do 26.11. 2022), b\u011bhem kter\u00fdch z\u00edsk\u00e1vali nejen pracovn\u00ed, ale i kulturn\u00ed zku\u0161enosti z pobytu v ciz\u00ed zemi. Samostatn\u011b museli \u0159e\u0161it nejen \u00fakoly v pr\u00e1ci, ale i orientaci ve velkom\u011bst\u011b a komunikaci v ciz\u00edm jazyce. Na z\u00e1v\u011br sv\u00e9 st\u00e1\u017ee se z\u00fa\u010dastnili hodnot\u00edc\u00ed sch\u016fzky v po\u0159\u00e1daj\u00edc\u00ed agentu\u0159e, na kter\u00e9 shrnuli sv\u00e9 z\u00e1\u017eitky a pracovn\u00ed zku\u0161enosti. V\u011b\u0159\u00edme, \u017ee je absolvovan\u00fd pobyt posunul nejen po pracovn\u00ed, ale i po osobn\u00ed str\u00e1nce a ze z\u00edskan\u00fdch zku\u0161enost\u00ed budou moci t\u011b\u017eit i v budoucnu.<br>za skupinu Erasmus+\u00a0<br>Lenka Hernov\u00e1<\/p>\n\n\n\n<figure class=\"wp-block-image size-large\"><img loading=\"lazy\" width=\"1024\" height=\"576\" src=\"https:\/\/www.stredniskola.com\/wp-content\/uploads\/2022\/11\/foto-CEBA-1024x576.jpg\" alt=\"\" class=\"wp-image-3671\" srcset=\"https:\/\/www.stredniskola.com\/wp-content\/uploads\/2022\/11\/foto-CEBA-1024x576.jpg 1024w, https:\/\/www.stredniskola.com\/wp-content\/uploads\/2022\/11\/foto-CEBA-300x169.jpg 300w, https:\/\/www.stredniskola.com\/wp-content\/uploads\/2022\/11\/foto-CEBA-768x432.jpg 768w, https:\/\/www.stredniskola.com\/wp-content\/uploads\/2022\/11\/foto-CEBA-1536x864.jpg 1536w, https:\/\/www.stredniskola.com\/wp-content\/uploads\/2022\/11\/foto-CEBA-2048x1152.jpg 2048w, https:\/\/www.stredniskola.com\/wp-content\/uploads\/2022\/11\/foto-CEBA-750x422.jpg 750w\" sizes=\"(max-width: 1024px) 100vw, 1024px\" \/><\/figure>\n","protected":false},"excerpt":{"rendered":"<p>Na\u0161ich 12 student\u016f ze studijn\u00edho oboru Informa\u010dn\u00ed technologie (2. IT a 4. IT) se o v\u00edkendu navr\u00e1tilo ze st\u00e1\u017ee Erasmus+ v Budape\u0161ti. V Budape\u0161ti str\u00e1vili 14 dn\u016f (od 19.11. do [&hellip;]<\/p>\n","protected":false},"author":3,"featured_media":3670,"comment_status":"closed","ping_status":"closed","sticky":false,"template":"","format":"standard","meta":[],"categories":[2],"tags":[],"_links":{"self":[{"href":"https:\/\/www.stredniskola.com\/index.php\/wp-json\/wp\/v2\/posts\/3669"}],"collection":[{"href":"https:\/\/www.stredniskola.com\/index.php\/wp-json\/wp\/v2\/posts"}],"about":[{"href":"https:\/\/www.stredniskola.com\/index.php\/wp-json\/wp\/v2\/types\/post"}],"author":[{"embeddable":true,"href":"https:\/\/www.stredniskola.com\/index.php\/wp-json\/wp\/v2\/users\/3"}],"replies":[{"embeddable":true,"href":"https:\/\/www.stredniskola.com\/index.php\/wp-json\/wp\/v2\/comments?post=3669"}],"version-history":[{"count":1,"href":"https:\/\/www.stredniskola.com\/index.php\/wp-json\/wp\/v2\/posts\/3669\/revisions"}],"predecessor-version":[{"id":3672,"href":"https:\/\/www.stredniskola.com\/index.php\/wp-json\/wp\/v2\/posts\/3669\/revisions\/3672"}],"wp:featuredmedia":[{"embeddable":true,"href":"https:\/\/www.stredniskola.com\/index.php\/wp-json\/wp\/v2\/media\/3670"}],"wp:attachment":[{"href":"https:\/\/www.stredniskola.com\/index.php\/wp-json\/wp\/v2\/media?parent=3669"}],"wp:term":[{"taxonomy":"category","embeddable":true,"href":"https:\/\/www.stredniskola.com\/index.php\/wp-json\/wp\/v2\/categories?post=3669"},{"taxonomy":"post_tag","embeddable":true,"href":"https:\/\/www.stredniskola.com\/index.php\/wp-json\/wp\/v2\/tags?post=3669"}],"curies":[{"name":"wp","href":"https:\/\/api.w.org\/{rel}","templated":true}]}}