{"id":3752,"date":"2023-02-28T11:34:00","date_gmt":"2023-02-28T10:34:00","guid":{"rendered":"https:\/\/www.stredniskola.com\/?p=3752"},"modified":"2023-02-28T16:11:02","modified_gmt":"2023-02-28T15:11:02","slug":"podcasty-nasi-skoly","status":"publish","type":"post","link":"https:\/\/www.stredniskola.com\/index.php\/2023\/02\/28\/podcasty-nasi-skoly\/","title":{"rendered":"PODCASTY NA\u0160\u00cd \u0160KOLY &#8211; nov\u00e9 d\u00edly"},"content":{"rendered":"\n<p>Na\u0161i \u017e\u00e1ci z 2. IT, 3. IT a 4. IT p\u0159ipravili prvn\u00ed podcasty v r\u00e1mci p\u0159edm\u011btu Fiktivn\u00ed firma.  Koordin\u00e1torem aktivity je pan\u00ed u\u010ditelka Ing. Eva Augustov\u00e1.na t\u00e9ma zahrani\u010dn\u00ed odborn\u00e9 praxe v r\u00e1mci projektu Erasmus+. M\u016f\u017eete se zaposlouchat, pojali to s nads\u00e1zkou sob\u011b vlastn\u00ed. P\u0159ipravili si i vlastn\u00ed logo. <\/p>\n\n\n\n<h2>2. IT   <\/h2>\n\n\n\n<p>t\u00e9ma zahrani\u010dn\u00ed odborn\u00e9 praxe v r\u00e1mci projektu Erasmus+. M\u016f\u017eete se zaposlouchat, pojali to s nads\u00e1zkou sob\u011b vlastn\u00ed. P\u0159ipravili si i vlastn\u00ed logo.  <\/p>\n\n\n\n<figure class=\"wp-block-audio\"><audio controls src=\"https:\/\/www.stredniskola.com\/wp-content\/uploads\/2023\/02\/celek.mp3\"><\/audio><\/figure>\n\n\n\n<p>Song: Syn Cole &#8211; Feel Good [NCS Release]<br>Music provided by NoCopyrightSounds<br>Free Download\/Stream: http:\/\/ncs.io\/feelgood<br>Watch: http:\/\/youtu.be\/q1ULJ92aldE<\/p>\n\n\n\n<h2>3.IT<\/h2>\n\n\n\n<figure class=\"wp-block-embed is-type-video is-provider-youtube wp-block-embed-youtube wp-embed-aspect-16-9 wp-has-aspect-ratio\"><div class=\"wp-block-embed__wrapper\">\n<iframe loading=\"lazy\" title=\"IT Hrou podcast #1\" width=\"1170\" height=\"658\" src=\"https:\/\/www.youtube.com\/embed\/1ueLI4T5z0s?feature=oembed\" frameborder=\"0\" allow=\"accelerometer; autoplay; clipboard-write; encrypted-media; gyroscope; picture-in-picture; web-share\" allowfullscreen><\/iframe>\n<\/div><\/figure>\n\n\n\n<h2>4.IT<\/h2>\n\n\n\n<figure class=\"wp-block-audio\"><audio controls src=\"https:\/\/www.stredniskola.com\/wp-content\/uploads\/2023\/02\/podcast-FIF4ITB.mp3\"><\/audio><\/figure>\n\n\n\n<p><\/p>\n","protected":false},"excerpt":{"rendered":"<p>Na\u0161i \u017e\u00e1ci z 2. IT, 3. IT a 4. IT p\u0159ipravili prvn\u00ed podcasty v r\u00e1mci p\u0159edm\u011btu Fiktivn\u00ed firma. Koordin\u00e1torem aktivity je pan\u00ed u\u010ditelka Ing. Eva Augustov\u00e1.na t\u00e9ma zahrani\u010dn\u00ed odborn\u00e9 praxe [&hellip;]<\/p>\n","protected":false},"author":3,"featured_media":3756,"comment_status":"closed","ping_status":"closed","sticky":false,"template":"","format":"standard","meta":[],"categories":[2],"tags":[],"_links":{"self":[{"href":"https:\/\/www.stredniskola.com\/index.php\/wp-json\/wp\/v2\/posts\/3752"}],"collection":[{"href":"https:\/\/www.stredniskola.com\/index.php\/wp-json\/wp\/v2\/posts"}],"about":[{"href":"https:\/\/www.stredniskola.com\/index.php\/wp-json\/wp\/v2\/types\/post"}],"author":[{"embeddable":true,"href":"https:\/\/www.stredniskola.com\/index.php\/wp-json\/wp\/v2\/users\/3"}],"replies":[{"embeddable":true,"href":"https:\/\/www.stredniskola.com\/index.php\/wp-json\/wp\/v2\/comments?post=3752"}],"version-history":[{"count":3,"href":"https:\/\/www.stredniskola.com\/index.php\/wp-json\/wp\/v2\/posts\/3752\/revisions"}],"predecessor-version":[{"id":3856,"href":"https:\/\/www.stredniskola.com\/index.php\/wp-json\/wp\/v2\/posts\/3752\/revisions\/3856"}],"wp:featuredmedia":[{"embeddable":true,"href":"https:\/\/www.stredniskola.com\/index.php\/wp-json\/wp\/v2\/media\/3756"}],"wp:attachment":[{"href":"https:\/\/www.stredniskola.com\/index.php\/wp-json\/wp\/v2\/media?parent=3752"}],"wp:term":[{"taxonomy":"category","embeddable":true,"href":"https:\/\/www.stredniskola.com\/index.php\/wp-json\/wp\/v2\/categories?post=3752"},{"taxonomy":"post_tag","embeddable":true,"href":"https:\/\/www.stredniskola.com\/index.php\/wp-json\/wp\/v2\/tags?post=3752"}],"curies":[{"name":"wp","href":"https:\/\/api.w.org\/{rel}","templated":true}]}}