{"id":3941,"date":"2023-04-26T08:07:00","date_gmt":"2023-04-26T06:07:00","guid":{"rendered":"https:\/\/www.stredniskola.com\/?p=3941"},"modified":"2023-04-26T18:21:31","modified_gmt":"2023-04-26T16:21:31","slug":"literarni-kavarna-2","status":"publish","type":"post","link":"https:\/\/www.stredniskola.com\/index.php\/2023\/04\/26\/literarni-kavarna-2\/","title":{"rendered":"Liter\u00e1rn\u00ed kav\u00e1rna &#8211; dal\u0161\u00ed vyda\u0159en\u00e1 akce"},"content":{"rendered":"\n<pre class=\"wp-block-verse\">\u201eKa\u017ed\u00e1 kniha m\u00e1 du\u0161i \u2013 du\u0161i toho, kdo ji psal, a du\u0161i t\u011bch, kdo ji \u010detli a snili s n\u00ed.\u201c (Carlos<br>Ruiz Zaf\u00f3n, \u0161pan\u011blsk\u00fd spisovatel).<br>Ve \u010dtvrtek 20. dubna jsme se zase zasnili v\u00a0na\u0161\u00ed mal\u00e9 liter\u00e1rn\u00ed kav\u00e1rni\u010dce. Nela<br>Siegertov\u00e1, Jana Ne\u010dadov\u00e1 a Anna Lutnerov\u00e1 p\u0159edstavily autory a knihy, kter\u00e9 r\u00e1dy<br>\u010dtou. Martin Chadim a Michal Kr\u00e1l dokreslili pohodovou atmosf\u00e9ru hrou na klarinet a<br>kl\u00e1vesy. Na\u0161i kucha\u0159i p\u0159ipravili mal\u00e9 ob\u010derstven\u00ed.<br>Velmi n\u00e1s pot\u011b\u0161ila n\u00e1v\u0161t\u011bva klient\u016f Astry (humpoleck\u00e9 denn\u00ed centrum pro seniory).<br>V\u011b\u0159\u00edme, \u017ee i pro n\u011b to bylo p\u0159\u00edjemn\u00e9 odpoledne. Budeme se t\u011b\u0161it na dal\u0161\u00ed setk\u00e1n\u00ed.<\/pre>\n\n\n\n<p>L. Lutnerov\u00e1<\/p>\n\n\n\n<figure class=\"wp-block-image size-large\"><img loading=\"lazy\" width=\"730\" height=\"1024\" src=\"https:\/\/www.stredniskola.com\/wp-content\/uploads\/2023\/03\/kava\u0301rna-fanny-730x1024.jpg\" alt=\"\" class=\"wp-image-3942\" srcset=\"https:\/\/www.stredniskola.com\/wp-content\/uploads\/2023\/03\/kava\u0301rna-fanny-730x1024.jpg 730w, https:\/\/www.stredniskola.com\/wp-content\/uploads\/2023\/03\/kava\u0301rna-fanny-214x300.jpg 214w, https:\/\/www.stredniskola.com\/wp-content\/uploads\/2023\/03\/kava\u0301rna-fanny-768x1077.jpg 768w, https:\/\/www.stredniskola.com\/wp-content\/uploads\/2023\/03\/kava\u0301rna-fanny-1095x1536.jpg 1095w, https:\/\/www.stredniskola.com\/wp-content\/uploads\/2023\/03\/kava\u0301rna-fanny-1460x2048.jpg 1460w, https:\/\/www.stredniskola.com\/wp-content\/uploads\/2023\/03\/kava\u0301rna-fanny-750x1052.jpg 750w, https:\/\/www.stredniskola.com\/wp-content\/uploads\/2023\/03\/kava\u0301rna-fanny-scaled.jpg 1825w\" sizes=\"(max-width: 730px) 100vw, 730px\" \/><\/figure>\n","protected":false},"excerpt":{"rendered":"<p>\u201eKa\u017ed\u00e1 kniha m\u00e1 du\u0161i \u2013 du\u0161i toho, kdo ji psal, a du\u0161i t\u011bch, kdo ji \u010detli a snili s n\u00ed.\u201c (CarlosRuiz Zaf\u00f3n, \u0161pan\u011blsk\u00fd spisovatel).Ve \u010dtvrtek 20. dubna jsme se zase [&hellip;]<\/p>\n","protected":false},"author":3,"featured_media":3942,"comment_status":"closed","ping_status":"closed","sticky":false,"template":"","format":"standard","meta":[],"categories":[2],"tags":[],"_links":{"self":[{"href":"https:\/\/www.stredniskola.com\/index.php\/wp-json\/wp\/v2\/posts\/3941"}],"collection":[{"href":"https:\/\/www.stredniskola.com\/index.php\/wp-json\/wp\/v2\/posts"}],"about":[{"href":"https:\/\/www.stredniskola.com\/index.php\/wp-json\/wp\/v2\/types\/post"}],"author":[{"embeddable":true,"href":"https:\/\/www.stredniskola.com\/index.php\/wp-json\/wp\/v2\/users\/3"}],"replies":[{"embeddable":true,"href":"https:\/\/www.stredniskola.com\/index.php\/wp-json\/wp\/v2\/comments?post=3941"}],"version-history":[{"count":3,"href":"https:\/\/www.stredniskola.com\/index.php\/wp-json\/wp\/v2\/posts\/3941\/revisions"}],"predecessor-version":[{"id":4004,"href":"https:\/\/www.stredniskola.com\/index.php\/wp-json\/wp\/v2\/posts\/3941\/revisions\/4004"}],"wp:featuredmedia":[{"embeddable":true,"href":"https:\/\/www.stredniskola.com\/index.php\/wp-json\/wp\/v2\/media\/3942"}],"wp:attachment":[{"href":"https:\/\/www.stredniskola.com\/index.php\/wp-json\/wp\/v2\/media?parent=3941"}],"wp:term":[{"taxonomy":"category","embeddable":true,"href":"https:\/\/www.stredniskola.com\/index.php\/wp-json\/wp\/v2\/categories?post=3941"},{"taxonomy":"post_tag","embeddable":true,"href":"https:\/\/www.stredniskola.com\/index.php\/wp-json\/wp\/v2\/tags?post=3941"}],"curies":[{"name":"wp","href":"https:\/\/api.w.org\/{rel}","templated":true}]}}