{"id":4116,"date":"2023-06-05T19:49:30","date_gmt":"2023-06-05T17:49:30","guid":{"rendered":"https:\/\/www.stredniskola.com\/?p=4116"},"modified":"2023-06-05T19:49:30","modified_gmt":"2023-06-05T17:49:30","slug":"nas-prispevek-k-oslavam-mezinarodniho-dne-deti","status":"publish","type":"post","link":"https:\/\/www.stredniskola.com\/index.php\/2023\/06\/05\/nas-prispevek-k-oslavam-mezinarodniho-dne-deti\/","title":{"rendered":"N\u00e1\u0161 p\u0159\u00edsp\u011bvek k oslav\u00e1m Mezin\u00e1rodn\u00edho dne d\u011bt\u00ed"},"content":{"rendered":"\n<p>Oslavili jsme na Stromovce Mezin\u00e1rodn\u00ed den d\u011bt\u00ed, kter\u00fd po\u0159\u00e1dalo M\u011bstsk\u00e9 informa\u010dn\u00ed a kulturn\u00ed st\u0159edisko v Humpolci. Na d\u011bti \u010dekal bohat\u00fd a z\u00e1bavn\u00fd program s ekologick\u00fdm zam\u011b\u0159en\u00edm. Na\u0161e \u0161kola m\u011bla pro d\u011bti p\u0159ipraven\u00fd fotokoutek, ve kter\u00e9m m\u011bly mo\u017enost se vyfotit a ozdobit si r\u00e1me\u010dek samolepkami.\u00a0<br>D\u011bkujeme za pozv\u00e1n\u00ed!<\/p>\n\n\n\n<p>Bc. Veronika Kame\u0161ov\u00e1<\/p>\n\n\n\n<p>Na\u0161e studentky cestovn\u00edho ruchu pom\u00e1haly s organizac\u00ed <\/p>\n\n\n\n<figure class=\"wp-block-image size-large\"><img loading=\"lazy\" width=\"1024\" height=\"768\" src=\"https:\/\/www.stredniskola.com\/wp-content\/uploads\/2023\/06\/mdd1-1024x768.jpg\" alt=\"\" class=\"wp-image-4117\" srcset=\"https:\/\/www.stredniskola.com\/wp-content\/uploads\/2023\/06\/mdd1-1024x768.jpg 1024w, https:\/\/www.stredniskola.com\/wp-content\/uploads\/2023\/06\/mdd1-300x225.jpg 300w, https:\/\/www.stredniskola.com\/wp-content\/uploads\/2023\/06\/mdd1-768x576.jpg 768w, https:\/\/www.stredniskola.com\/wp-content\/uploads\/2023\/06\/mdd1-1536x1152.jpg 1536w, https:\/\/www.stredniskola.com\/wp-content\/uploads\/2023\/06\/mdd1-2048x1536.jpg 2048w, https:\/\/www.stredniskola.com\/wp-content\/uploads\/2023\/06\/mdd1-750x563.jpg 750w\" sizes=\"(max-width: 1024px) 100vw, 1024px\" \/><\/figure>\n\n\n\n<p><\/p>\n","protected":false},"excerpt":{"rendered":"<p>Oslavili jsme na Stromovce Mezin\u00e1rodn\u00ed den d\u011bt\u00ed, kter\u00fd po\u0159\u00e1dalo M\u011bstsk\u00e9 informa\u010dn\u00ed a kulturn\u00ed st\u0159edisko v Humpolci. Na d\u011bti \u010dekal bohat\u00fd a z\u00e1bavn\u00fd program s ekologick\u00fdm zam\u011b\u0159en\u00edm. Na\u0161e \u0161kola m\u011bla pro [&hellip;]<\/p>\n","protected":false},"author":3,"featured_media":4118,"comment_status":"closed","ping_status":"closed","sticky":false,"template":"","format":"standard","meta":[],"categories":[2],"tags":[],"_links":{"self":[{"href":"https:\/\/www.stredniskola.com\/index.php\/wp-json\/wp\/v2\/posts\/4116"}],"collection":[{"href":"https:\/\/www.stredniskola.com\/index.php\/wp-json\/wp\/v2\/posts"}],"about":[{"href":"https:\/\/www.stredniskola.com\/index.php\/wp-json\/wp\/v2\/types\/post"}],"author":[{"embeddable":true,"href":"https:\/\/www.stredniskola.com\/index.php\/wp-json\/wp\/v2\/users\/3"}],"replies":[{"embeddable":true,"href":"https:\/\/www.stredniskola.com\/index.php\/wp-json\/wp\/v2\/comments?post=4116"}],"version-history":[{"count":1,"href":"https:\/\/www.stredniskola.com\/index.php\/wp-json\/wp\/v2\/posts\/4116\/revisions"}],"predecessor-version":[{"id":4119,"href":"https:\/\/www.stredniskola.com\/index.php\/wp-json\/wp\/v2\/posts\/4116\/revisions\/4119"}],"wp:featuredmedia":[{"embeddable":true,"href":"https:\/\/www.stredniskola.com\/index.php\/wp-json\/wp\/v2\/media\/4118"}],"wp:attachment":[{"href":"https:\/\/www.stredniskola.com\/index.php\/wp-json\/wp\/v2\/media?parent=4116"}],"wp:term":[{"taxonomy":"category","embeddable":true,"href":"https:\/\/www.stredniskola.com\/index.php\/wp-json\/wp\/v2\/categories?post=4116"},{"taxonomy":"post_tag","embeddable":true,"href":"https:\/\/www.stredniskola.com\/index.php\/wp-json\/wp\/v2\/tags?post=4116"}],"curies":[{"name":"wp","href":"https:\/\/api.w.org\/{rel}","templated":true}]}}