{"id":4228,"date":"2023-08-30T06:52:45","date_gmt":"2023-08-30T04:52:45","guid":{"rendered":"https:\/\/www.stredniskola.com\/?p=4228"},"modified":"2023-09-07T08:16:37","modified_gmt":"2023-09-07T06:16:37","slug":"maturitni-a-zaverecne-zkousky-podzim-2023","status":"publish","type":"post","link":"https:\/\/www.stredniskola.com\/index.php\/2023\/08\/30\/maturitni-a-zaverecne-zkousky-podzim-2023\/","title":{"rendered":"Maturitn\u00ed a z\u00e1v\u011bre\u010dn\u00e9 zkou\u0161ky podzim 2023"},"content":{"rendered":"\n<p>V z\u00e1\u0159\u00ed se budou konat opravn\u00e9 maturitn\u00ed a z\u00e1v\u011bre\u010dn\u00e9 zkou\u0161ky v n\u00e1sleduj\u00edc\u00edch term\u00ednech:<\/p>\n\n\n\n<p><strong>Spole\u010dn\u00e1 \u010d\u00e1st MZ &#8211; didaktick\u00e9 testy se konaj\u00ed 4. &#8211; 5. 9. 2023. P\u0159ihl\u00e1\u0161en\u00fdm student\u016fm byla odesl\u00e1na pozv\u00e1nka se v\u0161emi podrobnostmi na email. Sp\u00e1dovou \u0161kolou bude Obchodn\u00ed akademie Pelh\u0159imov.<\/strong><\/p>\n\n\n\n<h2>MATURITN\u00cd ZKOU\u0160KY <\/h2>\n\n\n\n<p>Profilov\u00e1 \u010d\u00e1st MZ pro obor <strong>Informa\u010dn\u00ed technologie<\/strong> &#8211; <strong>praktick\u00e1<\/strong> \u010d\u00e1st se bude konat 14. 9. od 12 hodin v u\u010debn\u011b \u010d. 18.<\/p>\n\n\n\n<p>Profilov\u00e1 \u010d\u00e1st MZ pro obor <strong>Informa\u010dn\u00ed technologie<\/strong> &#8211; <strong>p\u00edsemn\u00e1<\/strong> \u010d\u00e1st se bude konat 14. 9. od 12 hodin v u\u010debn\u011b \u010d. 18.<\/p>\n\n\n\n<p>Profilov\u00e1 \u010d\u00e1st MZ pro obor <strong>Obchodn\u00edk<\/strong> &#8211; <strong>p\u00edsemn\u00e1<\/strong> \u010d\u00e1st se bude konat 14. 9. od 12 hodin v u\u010debn\u011b \u010d. 18.<\/p>\n\n\n\n<p>Profilov\u00e1 \u010d\u00e1st MZ pro obor <strong>Obchodn\u00edk<\/strong> &#8211; <strong>\u00fastn\u00ed<\/strong> \u010d\u00e1st se bude konat 15. 9. dle rozpisu v u\u010debn\u011b \u010d. 18.<\/p>\n\n\n\n<div class=\"wp-block-file\"><a href=\"https:\/\/www.stredniskola.com\/wp-content\/uploads\/2023\/08\/O-PODZIM-23-1.pdf\">O-PODZIM-23-1<\/a><a href=\"https:\/\/www.stredniskola.com\/wp-content\/uploads\/2023\/08\/O-PODZIM-23-1.pdf\" class=\"wp-block-file__button\" download>St\u00e1hnout<\/a><\/div>\n\n\n\n<h2>Z\u00c1V\u011aRE\u010cN\u00c9 ZKOU\u0160KY<\/h2>\n\n\n\n<p>Opravn\u00e9 z\u00e1v\u011bre\u010dn\u00e9 zkou\u0161ky pro u\u010debn\u00ed obor <strong>Reproduk\u010dn\u00ed grafik<\/strong> &#8211; praktick\u00e1 \u010d\u00e1st 12. a 13. 9. od 11 00, p\u00edsemn\u00e1 \u010d\u00e1st 14.9. od 12 00 a \u00fastn\u00ed 15. 9. dle rozpisu, v\u017edy v u\u010debn\u011b \u010d. 18.<\/p>\n\n\n\n<div class=\"wp-block-file\"><a href=\"https:\/\/www.stredniskola.com\/wp-content\/uploads\/2023\/08\/RG-PODZIM-23-1.pdf\">RG-PODZIM-23-1<\/a><a href=\"https:\/\/www.stredniskola.com\/wp-content\/uploads\/2023\/08\/RG-PODZIM-23-1.pdf\" class=\"wp-block-file__button\" download>St\u00e1hnout<\/a><\/div>\n\n\n\n<p>Z\u00e1v\u011bre\u010dn\u00e9 zkou\u0161ky pro u\u010debn\u00ed obor <strong>Kucha\u0159 \u010d\u00ed\u0161n\u00edk<\/strong> se nebudou konat.<\/p>\n\n\n\n<p>Z\u00e1v\u011bre\u010dn\u00e9 zkou\u0161ky pro u\u010debn\u00ed obor <strong>Mechanik digit\u00e1ln\u00edch s\u00edt\u00ed <\/strong>se nebudou konat.<\/p>\n\n\n\n<h2>MATURITN\u00cd ZKOU\u0160KY distan\u010dn\u00ed forma<\/h2>\n\n\n\n<p>Profilov\u00e1 \u010d\u00e1st MZ pro obor <strong>Podnik\u00e1n\u00ed<\/strong> &#8211; <strong>\u00fastn\u00ed<\/strong> \u010d\u00e1st se bude konat 15. 9. 2023 dle rozpisu v u\u010debn\u011b \u010d. 18.<\/p>\n\n\n\n<div class=\"wp-block-file\"><a href=\"https:\/\/www.stredniskola.com\/wp-content\/uploads\/2023\/08\/PD-PODZIM-23-1.pdf\">PD-PODZIM-23-1<\/a><a href=\"https:\/\/www.stredniskola.com\/wp-content\/uploads\/2023\/08\/PD-PODZIM-23-1.pdf\" class=\"wp-block-file__button\" download>St\u00e1hnout<\/a><\/div>\n\n\n\n<h2>MATURITN\u00cd ZKOU\u0160KY kombinovan\u00e1 forma<\/h2>\n\n\n\n<p>Profilov\u00e1 \u010d\u00e1st MZ pro obor P\u0159ed\u0161koln\u00ed a mimo\u0161koln\u00ed pedagogika v kombinovan\u00e9 form\u011b studia &#8211; \u00fastn\u00ed \u010d\u00e1st se bude konat 15. 9. 2023 dle rozpisu v u\u010debn\u011b \u010d. 18.<\/p>\n\n\n\n<div class=\"wp-block-file\"><a href=\"https:\/\/www.stredniskola.com\/wp-content\/uploads\/2023\/09\/PMP-PODZIM-23.pdf\">PMP-PODZIM-23<\/a><a href=\"https:\/\/www.stredniskola.com\/wp-content\/uploads\/2023\/09\/PMP-PODZIM-23.pdf\" class=\"wp-block-file__button\" download>St\u00e1hnout<\/a><\/div>\n\n\n\n<p><\/p>\n","protected":false},"excerpt":{"rendered":"<p>V z\u00e1\u0159\u00ed se budou konat opravn\u00e9 maturitn\u00ed a z\u00e1v\u011bre\u010dn\u00e9 zkou\u0161ky v n\u00e1sleduj\u00edc\u00edch term\u00ednech: Spole\u010dn\u00e1 \u010d\u00e1st MZ &#8211; didaktick\u00e9 testy se konaj\u00ed 4. &#8211; 5. 9. 2023. P\u0159ihl\u00e1\u0161en\u00fdm student\u016fm byla odesl\u00e1na [&hellip;]<\/p>\n","protected":false},"author":3,"featured_media":1983,"comment_status":"closed","ping_status":"closed","sticky":false,"template":"","format":"standard","meta":[],"categories":[2],"tags":[],"_links":{"self":[{"href":"https:\/\/www.stredniskola.com\/index.php\/wp-json\/wp\/v2\/posts\/4228"}],"collection":[{"href":"https:\/\/www.stredniskola.com\/index.php\/wp-json\/wp\/v2\/posts"}],"about":[{"href":"https:\/\/www.stredniskola.com\/index.php\/wp-json\/wp\/v2\/types\/post"}],"author":[{"embeddable":true,"href":"https:\/\/www.stredniskola.com\/index.php\/wp-json\/wp\/v2\/users\/3"}],"replies":[{"embeddable":true,"href":"https:\/\/www.stredniskola.com\/index.php\/wp-json\/wp\/v2\/comments?post=4228"}],"version-history":[{"count":5,"href":"https:\/\/www.stredniskola.com\/index.php\/wp-json\/wp\/v2\/posts\/4228\/revisions"}],"predecessor-version":[{"id":5479,"href":"https:\/\/www.stredniskola.com\/index.php\/wp-json\/wp\/v2\/posts\/4228\/revisions\/5479"}],"wp:featuredmedia":[{"embeddable":true,"href":"https:\/\/www.stredniskola.com\/index.php\/wp-json\/wp\/v2\/media\/1983"}],"wp:attachment":[{"href":"https:\/\/www.stredniskola.com\/index.php\/wp-json\/wp\/v2\/media?parent=4228"}],"wp:term":[{"taxonomy":"category","embeddable":true,"href":"https:\/\/www.stredniskola.com\/index.php\/wp-json\/wp\/v2\/categories?post=4228"},{"taxonomy":"post_tag","embeddable":true,"href":"https:\/\/www.stredniskola.com\/index.php\/wp-json\/wp\/v2\/tags?post=4228"}],"curies":[{"name":"wp","href":"https:\/\/api.w.org\/{rel}","templated":true}]}}