{"id":4373,"date":"2023-09-15T13:53:20","date_gmt":"2023-09-15T11:53:20","guid":{"rendered":"https:\/\/www.stredniskola.com\/?p=4373"},"modified":"2023-09-15T13:53:59","modified_gmt":"2023-09-15T11:53:59","slug":"santiniho-zazrak","status":"publish","type":"post","link":"https:\/\/www.stredniskola.com\/index.php\/2023\/09\/15\/santiniho-zazrak\/","title":{"rendered":"SANTINIHO Z\u00c1ZRAK"},"content":{"rendered":"\n<p>Studenti 3. a 4. ro\u010dn\u00edku oboru Obchodn\u00edk se zam\u011b\u0159en\u00edm na cestovn\u00ed ruch nav\u0161t\u00edvili 13. 9. \u017eelivsk\u00fd kl\u00e1\u0161ter, kde se netradi\u010dn\u00edm zp\u016fsobem sezn\u00e1mili se \u017eivotem a tvorbou Jana Bla\u017eeje Santini \u2013 Aichela a z\u00e1rove\u0148 s\u00a0histori\u00ed samotn\u00e9ho kl\u00e1\u0161tera. Hranou prohl\u00eddku v\u00a0dobov\u00fdch kost\u00fdmech a poutav\u00fd v\u00fdklad p\u0159ipravili herci z\u00a0FajnEventu. A opravdu byla \u201efajn\u201c.<\/p>\n\n\n\n<p>Mgr. Lenka Dom\u0161ov\u00e1<\/p>\n\n\n\n<div class=\"wp-block-image\"><figure class=\"aligncenter size-large\"><img loading=\"lazy\" width=\"768\" height=\"1024\" src=\"https:\/\/www.stredniskola.com\/wp-content\/uploads\/2023\/09\/zeliv-1-768x1024.jpeg\" alt=\"\" class=\"wp-image-4375\" srcset=\"https:\/\/www.stredniskola.com\/wp-content\/uploads\/2023\/09\/zeliv-1-768x1024.jpeg 768w, https:\/\/www.stredniskola.com\/wp-content\/uploads\/2023\/09\/zeliv-1-225x300.jpeg 225w, https:\/\/www.stredniskola.com\/wp-content\/uploads\/2023\/09\/zeliv-1-1152x1536.jpeg 1152w, https:\/\/www.stredniskola.com\/wp-content\/uploads\/2023\/09\/zeliv-1-1536x2048.jpeg 1536w, https:\/\/www.stredniskola.com\/wp-content\/uploads\/2023\/09\/zeliv-1-750x1000.jpeg 750w, https:\/\/www.stredniskola.com\/wp-content\/uploads\/2023\/09\/zeliv-1-scaled.jpeg 1920w\" sizes=\"(max-width: 768px) 100vw, 768px\" \/><\/figure><\/div>\n","protected":false},"excerpt":{"rendered":"<p>Studenti 3. a 4. ro\u010dn\u00edku oboru Obchodn\u00edk se zam\u011b\u0159en\u00edm na cestovn\u00ed ruch nav\u0161t\u00edvili 13. 9. \u017eelivsk\u00fd kl\u00e1\u0161ter, kde se netradi\u010dn\u00edm zp\u016fsobem sezn\u00e1mili se \u017eivotem a tvorbou Jana Bla\u017eeje Santini \u2013 [&hellip;]<\/p>\n","protected":false},"author":3,"featured_media":4374,"comment_status":"closed","ping_status":"closed","sticky":false,"template":"","format":"standard","meta":[],"categories":[2],"tags":[],"_links":{"self":[{"href":"https:\/\/www.stredniskola.com\/index.php\/wp-json\/wp\/v2\/posts\/4373"}],"collection":[{"href":"https:\/\/www.stredniskola.com\/index.php\/wp-json\/wp\/v2\/posts"}],"about":[{"href":"https:\/\/www.stredniskola.com\/index.php\/wp-json\/wp\/v2\/types\/post"}],"author":[{"embeddable":true,"href":"https:\/\/www.stredniskola.com\/index.php\/wp-json\/wp\/v2\/users\/3"}],"replies":[{"embeddable":true,"href":"https:\/\/www.stredniskola.com\/index.php\/wp-json\/wp\/v2\/comments?post=4373"}],"version-history":[{"count":1,"href":"https:\/\/www.stredniskola.com\/index.php\/wp-json\/wp\/v2\/posts\/4373\/revisions"}],"predecessor-version":[{"id":4376,"href":"https:\/\/www.stredniskola.com\/index.php\/wp-json\/wp\/v2\/posts\/4373\/revisions\/4376"}],"wp:featuredmedia":[{"embeddable":true,"href":"https:\/\/www.stredniskola.com\/index.php\/wp-json\/wp\/v2\/media\/4374"}],"wp:attachment":[{"href":"https:\/\/www.stredniskola.com\/index.php\/wp-json\/wp\/v2\/media?parent=4373"}],"wp:term":[{"taxonomy":"category","embeddable":true,"href":"https:\/\/www.stredniskola.com\/index.php\/wp-json\/wp\/v2\/categories?post=4373"},{"taxonomy":"post_tag","embeddable":true,"href":"https:\/\/www.stredniskola.com\/index.php\/wp-json\/wp\/v2\/tags?post=4373"}],"curies":[{"name":"wp","href":"https:\/\/api.w.org\/{rel}","templated":true}]}}