{"id":5055,"date":"2024-02-01T07:58:21","date_gmt":"2024-02-01T06:58:21","guid":{"rendered":"https:\/\/www.stredniskola.com\/?p=5055"},"modified":"2024-02-01T07:59:12","modified_gmt":"2024-02-01T06:59:12","slug":"prace-nasich-kucharu-pro-verejnost","status":"publish","type":"post","link":"https:\/\/www.stredniskola.com\/index.php\/2024\/02\/01\/prace-nasich-kucharu-pro-verejnost\/","title":{"rendered":"Pr\u00e1ce na\u0161ich kucha\u0159\u016f pro ve\u0159ejnost"},"content":{"rendered":"\n<p>V&nbsp;lednu na\u0161i studenti oboru Kucha\u0159-\u010d\u00ed\u0161n\u00edk op\u011bt dostali mo\u017enost p\u0159ipravit ob\u010derstven\u00ed pro ve\u0159ejnost.<\/p>\n\n\n\n<p>Na za\u010d\u00e1tku m\u011bs\u00edce p\u0159ipravili chleb\u00ed\u010dky, chu\u0165ovky, \u0159\u00edze\u010dky a sladk\u00e9 \u0159ezy pro pov\u00e1no\u010dn\u00ed ve\u010d\u00edrek soukrom\u00e9 spole\u010dnosti.<\/p>\n\n\n\n<p>Ve st\u0159edu 24. ledna na\u0161e v\u00fdrobky ochutnali \u00fa\u010dastn\u00edci slavnostn\u00edho otev\u0159en\u00ed za\u0159\u00edzen\u00ed N\u00edzkoprah Se\u0161lost v Humpolci pod taktovkou Oblastn\u00ed charity Havl\u00ed\u010dk\u016fv Brod.<\/p>\n\n\n\n<p>D\u011bkujeme za p\u0159\u00edle\u017eitost pod\u00edlet se na v\u00fd\u0161e uveden\u00fdch akc\u00edch pro ve\u0159ejnost a na\u0161im student\u016fm d\u011bkujeme za vzornou p\u0159\u00edpravu zadan\u00fdch objedn\u00e1vek a reprezentaci \u0161koly.<\/p>\n\n\n\n<p>Jana \u010cerven\u00e1<\/p>\n\n\n\n<figure class=\"wp-block-image size-large\"><img loading=\"lazy\" width=\"1024\" height=\"768\" src=\"https:\/\/www.stredniskola.com\/wp-content\/uploads\/2024\/02\/2-1024x768.jpeg\" alt=\"\" class=\"wp-image-5057\" srcset=\"https:\/\/www.stredniskola.com\/wp-content\/uploads\/2024\/02\/2-1024x768.jpeg 1024w, https:\/\/www.stredniskola.com\/wp-content\/uploads\/2024\/02\/2-300x225.jpeg 300w, https:\/\/www.stredniskola.com\/wp-content\/uploads\/2024\/02\/2-768x576.jpeg 768w, https:\/\/www.stredniskola.com\/wp-content\/uploads\/2024\/02\/2-1536x1152.jpeg 1536w, https:\/\/www.stredniskola.com\/wp-content\/uploads\/2024\/02\/2-2048x1536.jpeg 2048w, https:\/\/www.stredniskola.com\/wp-content\/uploads\/2024\/02\/2-750x563.jpeg 750w\" sizes=\"(max-width: 1024px) 100vw, 1024px\" \/><\/figure>\n","protected":false},"excerpt":{"rendered":"<p>V&nbsp;lednu na\u0161i studenti oboru Kucha\u0159-\u010d\u00ed\u0161n\u00edk op\u011bt dostali mo\u017enost p\u0159ipravit ob\u010derstven\u00ed pro ve\u0159ejnost. Na za\u010d\u00e1tku m\u011bs\u00edce p\u0159ipravili chleb\u00ed\u010dky, chu\u0165ovky, \u0159\u00edze\u010dky a sladk\u00e9 \u0159ezy pro pov\u00e1no\u010dn\u00ed ve\u010d\u00edrek soukrom\u00e9 spole\u010dnosti. Ve st\u0159edu 24. [&hellip;]<\/p>\n","protected":false},"author":3,"featured_media":5056,"comment_status":"closed","ping_status":"closed","sticky":false,"template":"","format":"standard","meta":[],"categories":[2],"tags":[],"_links":{"self":[{"href":"https:\/\/www.stredniskola.com\/index.php\/wp-json\/wp\/v2\/posts\/5055"}],"collection":[{"href":"https:\/\/www.stredniskola.com\/index.php\/wp-json\/wp\/v2\/posts"}],"about":[{"href":"https:\/\/www.stredniskola.com\/index.php\/wp-json\/wp\/v2\/types\/post"}],"author":[{"embeddable":true,"href":"https:\/\/www.stredniskola.com\/index.php\/wp-json\/wp\/v2\/users\/3"}],"replies":[{"embeddable":true,"href":"https:\/\/www.stredniskola.com\/index.php\/wp-json\/wp\/v2\/comments?post=5055"}],"version-history":[{"count":1,"href":"https:\/\/www.stredniskola.com\/index.php\/wp-json\/wp\/v2\/posts\/5055\/revisions"}],"predecessor-version":[{"id":5058,"href":"https:\/\/www.stredniskola.com\/index.php\/wp-json\/wp\/v2\/posts\/5055\/revisions\/5058"}],"wp:featuredmedia":[{"embeddable":true,"href":"https:\/\/www.stredniskola.com\/index.php\/wp-json\/wp\/v2\/media\/5056"}],"wp:attachment":[{"href":"https:\/\/www.stredniskola.com\/index.php\/wp-json\/wp\/v2\/media?parent=5055"}],"wp:term":[{"taxonomy":"category","embeddable":true,"href":"https:\/\/www.stredniskola.com\/index.php\/wp-json\/wp\/v2\/categories?post=5055"},{"taxonomy":"post_tag","embeddable":true,"href":"https:\/\/www.stredniskola.com\/index.php\/wp-json\/wp\/v2\/tags?post=5055"}],"curies":[{"name":"wp","href":"https:\/\/api.w.org\/{rel}","templated":true}]}}