{"id":5211,"date":"2024-04-26T08:13:00","date_gmt":"2024-04-26T06:13:00","guid":{"rendered":"https:\/\/www.stredniskola.com\/?p=5211"},"modified":"2024-04-26T10:07:19","modified_gmt":"2024-04-26T08:07:19","slug":"celostatni-matematicka-soutez-2024","status":"publish","type":"post","link":"https:\/\/www.stredniskola.com\/index.php\/2024\/04\/26\/celostatni-matematicka-soutez-2024\/","title":{"rendered":"Celost\u00e1tn\u00ed matematick\u00e1 sout\u011b\u017e 2024 \u00fasp\u011b\u0161n\u00fd \u0159e\u0161itel Luk\u00e1\u0161 Mindl z 2. IT"},"content":{"rendered":"\n<p>V\u00a0p\u00e1tek\u00a0<strong>5.\u00a04.\u00a02024<\/strong>\u00a0prob\u011bhl na sout\u011b\u017en\u00edch st\u0159edisc\u00edch v\u00a0cel\u00e9 \u010cR 31.\u00a0ro\u010dn\u00edk\u00a0<a rel=\"noreferrer noopener\" href=\"https:\/\/www.oavm.cz\/matematicka-soutez\/\" target=\"_blank\">Celost\u00e1tn\u00ed matematick\u00e9 sout\u011b\u017ee<\/a>. Tato sout\u011b\u017e je ur\u010dena pro \u017e\u00e1ky SO\u0160 a\u00a0SOU. Ka\u017edoro\u010dn\u011b je vyhla\u0161ov\u00e1na M\u0160MT a\u00a0organizov\u00e1na J\u010cMF v\u00a0sedmi kategori\u00edch. Na\u0161i \u0161kolu reprezentovali na sout\u011b\u017en\u00edm st\u0159edisku v\u00a0T\u0159eb\u00ed\u010di t\u0159i \u017e\u00e1ci. Mat\u011bj Holub a Luk\u00e1\u0161 Mindl ze t\u0159\u00eddy 2. IT a Martin Chadim ze t\u0159\u00eddy 3. IT. Proto\u017ee se jednalo o celost\u00e1tn\u00ed kolo, zat\u00edm netrp\u011bliv\u011b \u010dek\u00e1me na v\u00fdsledky. Samoz\u0159ejm\u011b v\u0161em z\u00fa\u010dastn\u011bn\u00fdm d\u011bkujeme za vzornou reprezentaci \u0161koly!<\/p>\n\n\n\n<p><strong>25.4. 2024 v\u00fdsledky<\/strong><\/p>\n\n\n\n<p><strong>M\u00e1me \u00fasp\u011b\u0161n\u00e9ho \u0159e\u0161itele\u00a0 Matematick\u00e9 sout\u011b\u017ee 2024! Luk\u00e1\u0161 Mindl ze t\u0159\u00eddy 2. IT se za\u0159adil v<\/strong>e sv\u00e9 kategorii (\u017e\u00e1ci 2. ro\u010dn\u00edk\u016f st\u0159edn\u00edch odborn\u00fdch \u0161kol) mezi 60 \u00fasp\u011b\u0161n\u00fdch \u0159e\u0161itel\u016f Matematick\u00e9 sout\u011b\u017ee 2024 z cel\u00e9 \u010cesk\u00e9 republiky. Tohoto \u00fasp\u011bchu dos\u00e1hl v celost\u00e1tn\u00edm kole, kter\u00e9 prob\u011bhlo 5. dubna 2024 na St\u0159edn\u00ed \u0161kole stavebn\u00ed v T\u0159eb\u00ed\u010di. D\u011bkujeme, gratulujeme a p\u0159ejeme mnoho dal\u0161\u00edch \u00fasp\u011bch\u016f &#8211; nejen v matematice!<\/p>\n\n\n\n<p><\/p>\n\n\n\n<p>Ing. Jan Tajovsk\u00fd<\/p>\n","protected":false},"excerpt":{"rendered":"<p>V\u00a0p\u00e1tek\u00a05.\u00a04.\u00a02024\u00a0prob\u011bhl na sout\u011b\u017en\u00edch st\u0159edisc\u00edch v\u00a0cel\u00e9 \u010cR 31.\u00a0ro\u010dn\u00edk\u00a0Celost\u00e1tn\u00ed matematick\u00e9 sout\u011b\u017ee. Tato sout\u011b\u017e je ur\u010dena pro \u017e\u00e1ky SO\u0160 a\u00a0SOU. Ka\u017edoro\u010dn\u011b je vyhla\u0161ov\u00e1na M\u0160MT a\u00a0organizov\u00e1na J\u010cMF v\u00a0sedmi kategori\u00edch. Na\u0161i \u0161kolu reprezentovali na sout\u011b\u017en\u00edm [&hellip;]<\/p>\n","protected":false},"author":3,"featured_media":5212,"comment_status":"closed","ping_status":"closed","sticky":false,"template":"","format":"standard","meta":[],"categories":[2],"tags":[],"_links":{"self":[{"href":"https:\/\/www.stredniskola.com\/index.php\/wp-json\/wp\/v2\/posts\/5211"}],"collection":[{"href":"https:\/\/www.stredniskola.com\/index.php\/wp-json\/wp\/v2\/posts"}],"about":[{"href":"https:\/\/www.stredniskola.com\/index.php\/wp-json\/wp\/v2\/types\/post"}],"author":[{"embeddable":true,"href":"https:\/\/www.stredniskola.com\/index.php\/wp-json\/wp\/v2\/users\/3"}],"replies":[{"embeddable":true,"href":"https:\/\/www.stredniskola.com\/index.php\/wp-json\/wp\/v2\/comments?post=5211"}],"version-history":[{"count":4,"href":"https:\/\/www.stredniskola.com\/index.php\/wp-json\/wp\/v2\/posts\/5211\/revisions"}],"predecessor-version":[{"id":5253,"href":"https:\/\/www.stredniskola.com\/index.php\/wp-json\/wp\/v2\/posts\/5211\/revisions\/5253"}],"wp:featuredmedia":[{"embeddable":true,"href":"https:\/\/www.stredniskola.com\/index.php\/wp-json\/wp\/v2\/media\/5212"}],"wp:attachment":[{"href":"https:\/\/www.stredniskola.com\/index.php\/wp-json\/wp\/v2\/media?parent=5211"}],"wp:term":[{"taxonomy":"category","embeddable":true,"href":"https:\/\/www.stredniskola.com\/index.php\/wp-json\/wp\/v2\/categories?post=5211"},{"taxonomy":"post_tag","embeddable":true,"href":"https:\/\/www.stredniskola.com\/index.php\/wp-json\/wp\/v2\/tags?post=5211"}],"curies":[{"name":"wp","href":"https:\/\/api.w.org\/{rel}","templated":true}]}}