{"id":5323,"date":"2024-05-13T09:48:30","date_gmt":"2024-05-13T07:48:30","guid":{"rendered":"https:\/\/www.stredniskola.com\/?p=5323"},"modified":"2024-05-21T11:48:32","modified_gmt":"2024-05-21T09:48:32","slug":"zaci-2-o-pripravili-komentovanou-prohlidku-pro-mlade-navstevniky-z-opavy","status":"publish","type":"post","link":"https:\/\/www.stredniskola.com\/index.php\/2024\/05\/13\/zaci-2-o-pripravili-komentovanou-prohlidku-pro-mlade-navstevniky-z-opavy\/","title":{"rendered":"\u017d\u00e1ci 2.O p\u0159ipravili komentovanou prohl\u00eddku pro mlad\u00e9 n\u00e1v\u0161t\u011bvn\u00edky z Opavy"},"content":{"rendered":"\n<p><em>Humpolec, 7. kv\u011btna<\/em>&nbsp;\u2013 \u017d\u00e1ci 2.O se stali pr\u016fvodci mlad\u00fdm n\u00e1v\u0161t\u011bvn\u00edk\u016fm, kte\u0159\u00ed p\u0159ijeli a\u017e z&nbsp;dalek\u00e9 Opavy, aby prozkoumali kr\u00e1sy m\u011bsta Humpolec a jeho okol\u00ed. Navzdory nep\u0159\u00edzniv\u00e9mu po\u010das\u00ed, kter\u00e9 prov\u00e1zel vytrval\u00fd d\u00e9\u0161\u0165, se \u017e\u00e1ci 2.O chopili p\u0159\u00edle\u017eitosti a v\u011bnovali se sv\u00e9mu \u00fakolu s nad\u0161en\u00edm.<\/p>\n\n\n\n<p>Dva dny str\u00e1ven\u00e9 v Humpolci a okol\u00ed byly napln\u011bny pozn\u00e1v\u00e1n\u00edm historie m\u011bsta a prohl\u00eddkou v\u00fdznamn\u00fdch pam\u00e1tek. \u017d\u00e1ci sezn\u00e1mili n\u00e1v\u0161t\u011bvn\u00edky s bohatou histori\u00ed Humpolce a p\u0159edstavili jim n\u011bkter\u00e9 z v\u00fdznamn\u00fdch objekt\u016f na Horn\u00edm i Spodn\u00edm n\u00e1m\u011bst\u00ed, v\u010detn\u011b radnice, kostela sv. Mikul\u00e1\u0161e, Pomn\u00edku ob\u011btem 1. a 2. sv\u011btov\u00e9 v\u00e1lky a komunismu, Muzea Dr. Ale\u0161e Hrdli\u010dky, ale tak\u00e9 nedaleko nach\u00e1zej\u00edc\u00edho se pivovaru Bernard.<\/p>\n\n\n\n<p>Tato zku\u0161enost byla pro \u017e\u00e1ky 2.O nejen p\u0159\u00edle\u017eitost\u00ed k praktick\u00e9mu vyu\u017eit\u00ed jejich znalost\u00ed, ale tak\u00e9 k pos\u00edlen\u00ed jejich organiza\u010dn\u00edch dovednost\u00ed a schopnosti komunikace.<\/p>\n\n\n\n<p>Pro mlad\u00e9 n\u00e1v\u0161t\u011bvn\u00edky z Opavy to byla nejen mo\u017enost poznat nov\u00e9 m\u00edsto, ale tak\u00e9 prohlouben\u00ed jejich znalost\u00ed o historii a kulturn\u00edm d\u011bdictv\u00ed \u010cesk\u00e9 republiky.<\/p>\n\n\n\n<p>Mgr. Petr S\u00fakenn\u00edk<\/p>\n\n\n\n<p><\/p>\n","protected":false},"excerpt":{"rendered":"<p>Humpolec, 7. kv\u011btna&nbsp;\u2013 \u017d\u00e1ci 2.O se stali pr\u016fvodci mlad\u00fdm n\u00e1v\u0161t\u011bvn\u00edk\u016fm, kte\u0159\u00ed p\u0159ijeli a\u017e z&nbsp;dalek\u00e9 Opavy, aby prozkoumali kr\u00e1sy m\u011bsta Humpolec a jeho okol\u00ed. Navzdory nep\u0159\u00edzniv\u00e9mu po\u010das\u00ed, kter\u00e9 prov\u00e1zel vytrval\u00fd d\u00e9\u0161\u0165, [&hellip;]<\/p>\n","protected":false},"author":3,"featured_media":5326,"comment_status":"closed","ping_status":"closed","sticky":false,"template":"","format":"standard","meta":[],"categories":[2],"tags":[],"_links":{"self":[{"href":"https:\/\/www.stredniskola.com\/index.php\/wp-json\/wp\/v2\/posts\/5323"}],"collection":[{"href":"https:\/\/www.stredniskola.com\/index.php\/wp-json\/wp\/v2\/posts"}],"about":[{"href":"https:\/\/www.stredniskola.com\/index.php\/wp-json\/wp\/v2\/types\/post"}],"author":[{"embeddable":true,"href":"https:\/\/www.stredniskola.com\/index.php\/wp-json\/wp\/v2\/users\/3"}],"replies":[{"embeddable":true,"href":"https:\/\/www.stredniskola.com\/index.php\/wp-json\/wp\/v2\/comments?post=5323"}],"version-history":[{"count":1,"href":"https:\/\/www.stredniskola.com\/index.php\/wp-json\/wp\/v2\/posts\/5323\/revisions"}],"predecessor-version":[{"id":5328,"href":"https:\/\/www.stredniskola.com\/index.php\/wp-json\/wp\/v2\/posts\/5323\/revisions\/5328"}],"wp:featuredmedia":[{"embeddable":true,"href":"https:\/\/www.stredniskola.com\/index.php\/wp-json\/wp\/v2\/media\/5326"}],"wp:attachment":[{"href":"https:\/\/www.stredniskola.com\/index.php\/wp-json\/wp\/v2\/media?parent=5323"}],"wp:term":[{"taxonomy":"category","embeddable":true,"href":"https:\/\/www.stredniskola.com\/index.php\/wp-json\/wp\/v2\/categories?post=5323"},{"taxonomy":"post_tag","embeddable":true,"href":"https:\/\/www.stredniskola.com\/index.php\/wp-json\/wp\/v2\/tags?post=5323"}],"curies":[{"name":"wp","href":"https:\/\/api.w.org\/{rel}","templated":true}]}}