{"id":6091,"date":"2024-12-20T07:01:18","date_gmt":"2024-12-20T06:01:18","guid":{"rendered":"https:\/\/www.stredniskola.com\/?p=6091"},"modified":"2024-12-20T07:01:18","modified_gmt":"2024-12-20T06:01:18","slug":"erasmus-slovensko","status":"publish","type":"post","link":"https:\/\/www.stredniskola.com\/index.php\/2024\/12\/20\/erasmus-slovensko\/","title":{"rendered":"Erasmus+ Slovensko"},"content":{"rendered":"\n<p>Erasmus+ Slovensko<\/p>\n\n\n\n<p>V ned\u011bli 1. prosince vyrazily na\u0161e dv\u011b studentky oboru Kucha\u0159-\u010d\u00edsn\u00edk na pracovn\u00ed st\u00e1\u017e do slovensk\u00fdch Mojm\u00edrovc\u016f. Svoje pracovn\u00ed zku\u0161enosti z\u00edsk\u00e1valy po dobu dvou t\u00fddn\u016f ve 4* hotelu Ka\u0161tiel Mojm\u00edrovce. O v\u00edkendu se s pan\u00ed u\u010ditelkou Dal\u00edkovou vydaly pozn\u00e1vat Nitru a Bratislavu a zbyl i \u010das na p\u0159edv\u00e1no\u010dn\u00ed n\u00e1kupy.\u00a0<br>Studentk\u00e1m jsme p\u0159\u00e1ly p\u0159\u00edjemn\u00fd pobyt a v\u011b\u0159\u00edme, \u017ee si ze st\u00e1\u017ee odnesou nov\u00e9 poznatky, kter\u00e9 budou moci uplatnit i ve sv\u00e9 budouc\u00ed praxi.<br>autor \u010dl\u00e1nku: L. Hernov\u00e1<\/p>\n\n\n\n<p><\/p>\n\n\n\n<figure class=\"wp-block-image size-full\"><img loading=\"lazy\" width=\"384\" height=\"504\" src=\"https:\/\/www.stredniskola.com\/wp-content\/uploads\/2024\/12\/IMG-20241211-WA0002.jpg\" alt=\"\" class=\"wp-image-6093\" srcset=\"https:\/\/www.stredniskola.com\/wp-content\/uploads\/2024\/12\/IMG-20241211-WA0002.jpg 384w, https:\/\/www.stredniskola.com\/wp-content\/uploads\/2024\/12\/IMG-20241211-WA0002-229x300.jpg 229w\" sizes=\"(max-width: 384px) 100vw, 384px\" \/><\/figure>\n\n\n\n<figure class=\"wp-block-image size-full\"><img loading=\"lazy\" width=\"1024\" height=\"460\" src=\"https:\/\/www.stredniskola.com\/wp-content\/uploads\/2024\/12\/IMG-20241211-WA0000.jpg\" alt=\"\" class=\"wp-image-6094\" srcset=\"https:\/\/www.stredniskola.com\/wp-content\/uploads\/2024\/12\/IMG-20241211-WA0000.jpg 1024w, https:\/\/www.stredniskola.com\/wp-content\/uploads\/2024\/12\/IMG-20241211-WA0000-300x135.jpg 300w, https:\/\/www.stredniskola.com\/wp-content\/uploads\/2024\/12\/IMG-20241211-WA0000-768x345.jpg 768w, https:\/\/www.stredniskola.com\/wp-content\/uploads\/2024\/12\/IMG-20241211-WA0000-750x337.jpg 750w\" sizes=\"(max-width: 1024px) 100vw, 1024px\" \/><\/figure>\n\n\n\n<p><\/p>\n","protected":false},"excerpt":{"rendered":"<p>Erasmus+ Slovensko V ned\u011bli 1. prosince vyrazily na\u0161e dv\u011b studentky oboru Kucha\u0159-\u010d\u00edsn\u00edk na pracovn\u00ed st\u00e1\u017e do slovensk\u00fdch Mojm\u00edrovc\u016f. Svoje pracovn\u00ed zku\u0161enosti z\u00edsk\u00e1valy po dobu dvou t\u00fddn\u016f ve 4* hotelu Ka\u0161tiel [&hellip;]<\/p>\n","protected":false},"author":3,"featured_media":6092,"comment_status":"closed","ping_status":"closed","sticky":false,"template":"","format":"standard","meta":[],"categories":[2],"tags":[],"_links":{"self":[{"href":"https:\/\/www.stredniskola.com\/index.php\/wp-json\/wp\/v2\/posts\/6091"}],"collection":[{"href":"https:\/\/www.stredniskola.com\/index.php\/wp-json\/wp\/v2\/posts"}],"about":[{"href":"https:\/\/www.stredniskola.com\/index.php\/wp-json\/wp\/v2\/types\/post"}],"author":[{"embeddable":true,"href":"https:\/\/www.stredniskola.com\/index.php\/wp-json\/wp\/v2\/users\/3"}],"replies":[{"embeddable":true,"href":"https:\/\/www.stredniskola.com\/index.php\/wp-json\/wp\/v2\/comments?post=6091"}],"version-history":[{"count":1,"href":"https:\/\/www.stredniskola.com\/index.php\/wp-json\/wp\/v2\/posts\/6091\/revisions"}],"predecessor-version":[{"id":6095,"href":"https:\/\/www.stredniskola.com\/index.php\/wp-json\/wp\/v2\/posts\/6091\/revisions\/6095"}],"wp:featuredmedia":[{"embeddable":true,"href":"https:\/\/www.stredniskola.com\/index.php\/wp-json\/wp\/v2\/media\/6092"}],"wp:attachment":[{"href":"https:\/\/www.stredniskola.com\/index.php\/wp-json\/wp\/v2\/media?parent=6091"}],"wp:term":[{"taxonomy":"category","embeddable":true,"href":"https:\/\/www.stredniskola.com\/index.php\/wp-json\/wp\/v2\/categories?post=6091"},{"taxonomy":"post_tag","embeddable":true,"href":"https:\/\/www.stredniskola.com\/index.php\/wp-json\/wp\/v2\/tags?post=6091"}],"curies":[{"name":"wp","href":"https:\/\/api.w.org\/{rel}","templated":true}]}}