{"id":6157,"date":"2025-02-10T13:43:13","date_gmt":"2025-02-10T12:43:13","guid":{"rendered":"https:\/\/www.stredniskola.com\/?p=6157"},"modified":"2025-02-10T13:43:13","modified_gmt":"2025-02-10T12:43:13","slug":"ekonomicka-olympiada-krajske-kolo","status":"publish","type":"post","link":"https:\/\/www.stredniskola.com\/index.php\/2025\/02\/10\/ekonomicka-olympiada-krajske-kolo\/","title":{"rendered":"Ekonomick\u00e1 olympi\u00e1da &#8211; krajsk\u00e9 kolo"},"content":{"rendered":"\n<p>Dne 21. ledna 2025 na Krajsk\u00e9m \u00fa\u0159ad\u011b v Jihlav\u011b prob\u011bhlo krajsk\u00e9 kolo Ekonomick\u00e9 olympi\u00e1dy. Sout\u011b\u017e ka\u017edoro\u010dn\u011b po\u0159\u00e1d\u00e1 spole\u010dnost INEV. Z krajsk\u00e9ho kola postupuje 5 nejlep\u0161\u00edch do n\u00e1rodn\u00edho kola v \u010cNB, mezin\u00e1rodn\u00ed fin\u00e1le je letos napl\u00e1nov\u00e1no v \u0159eck\u00e9 Olympii.&nbsp;<\/p>\n\n\n\n<p>Olympi\u00e1da je jedine\u010dnou p\u0159\u00edle\u017eitost\u00ed pro studenty, aby si ov\u011b\u0159ili sv\u00e9 znalosti z oboru ekonomie a oblasti finan\u010dn\u00ed gramotnosti. Akci podpo\u0159ila zejm\u00e9na Komer\u010dn\u00ed banka, \u010cesk\u00e1 asociace poji\u0161\u0165oven, Vysok\u00e1 \u0161kola ekonomick\u00e1 v Praze a dal\u0161\u00ed instituce. Z\u00e1\u0161titu nad sout\u011b\u017e\u00ed poskytla pan\u00ed Zamrazilov\u00e1, v\u00edceguvern\u00e9rka \u010cesk\u00e9 n\u00e1rodn\u00ed banky.<\/p>\n\n\n\n<p>Na\u0161i \u0161kolu reprezentovalo p\u011bt student\u016f, kte\u0159\u00ed postoupili ze \u0161koln\u00edho kola. Po testu m\u011bli studenti mo\u017enost potkat se s odborn\u00edky z praxe. V tomto roce bylo t\u00e9matem Klima planety, dopad na n\u00e1rodn\u00ed hospod\u00e1\u0159stv\u00ed a poji\u0161t\u011bn\u00ed klient\u016f. Prezentoval pan Pavl\u00edk z \u010cAP, sv\u016fj v\u00fdklad dokl\u00e1dal statistikou, ze kter\u00e9 bylo z\u0159ejm\u00e9, jak\u00fdm nov\u00fdm rizik\u016fm spole\u010dnost \u010del\u00ed. Druh\u00e9 t\u00e9ma Hospod\u00e1\u0159sk\u00fd cyklus poutav\u011b odp\u0159edn\u00e1\u0161el pan Potu\u017e\u00e1k z V\u0160E. Vysv\u011btlil jak\u00fd dopad m\u011bly historick\u00e9 okam\u017eiky na ekonomick\u00fd v\u00fdvoj. Osv\u011btlil, pro\u010d je ekonomie tak d\u016fle\u017eitou v\u011bdou, kter\u00e9 se mohou n\u011bkte\u0159\u00ed ze student\u016f v budoucnu v\u011bnovat jako sv\u00e9 profesi.\u00a0T\u011b\u0161\u00edme se na dal\u0161\u00ed ro\u010dn\u00edk a douf\u00e1me, \u017ee na\u0161i studenti budou i nad\u00e1le dosahovat skv\u011bl\u00fdch v\u00fdsledk\u016f.<\/p>\n\n\n\n<p>Ing. Eva Augustov\u00e1<\/p>\n\n\n\n<p><\/p>\n\n\n\n<figure class=\"wp-block-image size-large\"><img loading=\"lazy\" width=\"1024\" height=\"768\" src=\"https:\/\/www.stredniskola.com\/wp-content\/uploads\/2025\/02\/Timur-a-Marek-1024x768.jpg\" alt=\"\" class=\"wp-image-6160\" srcset=\"https:\/\/www.stredniskola.com\/wp-content\/uploads\/2025\/02\/Timur-a-Marek-1024x768.jpg 1024w, https:\/\/www.stredniskola.com\/wp-content\/uploads\/2025\/02\/Timur-a-Marek-300x225.jpg 300w, https:\/\/www.stredniskola.com\/wp-content\/uploads\/2025\/02\/Timur-a-Marek-768x576.jpg 768w, https:\/\/www.stredniskola.com\/wp-content\/uploads\/2025\/02\/Timur-a-Marek-1536x1152.jpg 1536w, https:\/\/www.stredniskola.com\/wp-content\/uploads\/2025\/02\/Timur-a-Marek-2048x1536.jpg 2048w, https:\/\/www.stredniskola.com\/wp-content\/uploads\/2025\/02\/Timur-a-Marek-750x563.jpg 750w\" sizes=\"(max-width: 1024px) 100vw, 1024px\" \/><\/figure>\n\n\n\n<p><\/p>\n\n\n\n<figure class=\"wp-block-image size-large\"><img loading=\"lazy\" width=\"1024\" height=\"768\" src=\"https:\/\/www.stredniskola.com\/wp-content\/uploads\/2025\/02\/Adelka-1024x768.jpg\" alt=\"\" class=\"wp-image-6161\" srcset=\"https:\/\/www.stredniskola.com\/wp-content\/uploads\/2025\/02\/Adelka-1024x768.jpg 1024w, https:\/\/www.stredniskola.com\/wp-content\/uploads\/2025\/02\/Adelka-300x225.jpg 300w, https:\/\/www.stredniskola.com\/wp-content\/uploads\/2025\/02\/Adelka-768x576.jpg 768w, https:\/\/www.stredniskola.com\/wp-content\/uploads\/2025\/02\/Adelka-1536x1152.jpg 1536w, https:\/\/www.stredniskola.com\/wp-content\/uploads\/2025\/02\/Adelka-2048x1536.jpg 2048w, https:\/\/www.stredniskola.com\/wp-content\/uploads\/2025\/02\/Adelka-750x563.jpg 750w\" sizes=\"(max-width: 1024px) 100vw, 1024px\" \/><\/figure>\n","protected":false},"excerpt":{"rendered":"<p>Dne 21. ledna 2025 na Krajsk\u00e9m \u00fa\u0159ad\u011b v Jihlav\u011b prob\u011bhlo krajsk\u00e9 kolo Ekonomick\u00e9 olympi\u00e1dy. Sout\u011b\u017e ka\u017edoro\u010dn\u011b po\u0159\u00e1d\u00e1 spole\u010dnost INEV. Z krajsk\u00e9ho kola postupuje 5 nejlep\u0161\u00edch do n\u00e1rodn\u00edho kola v \u010cNB, [&hellip;]<\/p>\n","protected":false},"author":3,"featured_media":6159,"comment_status":"closed","ping_status":"closed","sticky":false,"template":"","format":"standard","meta":[],"categories":[2],"tags":[],"_links":{"self":[{"href":"https:\/\/www.stredniskola.com\/index.php\/wp-json\/wp\/v2\/posts\/6157"}],"collection":[{"href":"https:\/\/www.stredniskola.com\/index.php\/wp-json\/wp\/v2\/posts"}],"about":[{"href":"https:\/\/www.stredniskola.com\/index.php\/wp-json\/wp\/v2\/types\/post"}],"author":[{"embeddable":true,"href":"https:\/\/www.stredniskola.com\/index.php\/wp-json\/wp\/v2\/users\/3"}],"replies":[{"embeddable":true,"href":"https:\/\/www.stredniskola.com\/index.php\/wp-json\/wp\/v2\/comments?post=6157"}],"version-history":[{"count":1,"href":"https:\/\/www.stredniskola.com\/index.php\/wp-json\/wp\/v2\/posts\/6157\/revisions"}],"predecessor-version":[{"id":6162,"href":"https:\/\/www.stredniskola.com\/index.php\/wp-json\/wp\/v2\/posts\/6157\/revisions\/6162"}],"wp:featuredmedia":[{"embeddable":true,"href":"https:\/\/www.stredniskola.com\/index.php\/wp-json\/wp\/v2\/media\/6159"}],"wp:attachment":[{"href":"https:\/\/www.stredniskola.com\/index.php\/wp-json\/wp\/v2\/media?parent=6157"}],"wp:term":[{"taxonomy":"category","embeddable":true,"href":"https:\/\/www.stredniskola.com\/index.php\/wp-json\/wp\/v2\/categories?post=6157"},{"taxonomy":"post_tag","embeddable":true,"href":"https:\/\/www.stredniskola.com\/index.php\/wp-json\/wp\/v2\/tags?post=6157"}],"curies":[{"name":"wp","href":"https:\/\/api.w.org\/{rel}","templated":true}]}}