{"id":6170,"date":"2025-02-18T13:46:17","date_gmt":"2025-02-18T12:46:17","guid":{"rendered":"https:\/\/www.stredniskola.com\/?p=6170"},"modified":"2025-02-18T13:46:17","modified_gmt":"2025-02-18T12:46:17","slug":"dalsi-projekt-v-ramci-erasmus","status":"publish","type":"post","link":"https:\/\/www.stredniskola.com\/index.php\/2025\/02\/18\/dalsi-projekt-v-ramci-erasmus\/","title":{"rendered":"Dal\u0161\u00ed projekt v r\u00e1mci Erasmus+"},"content":{"rendered":"\n<p>V ned\u011bli 16.2. 2025 vyjeli dal\u0161\u00ed studenti na\u0161\u00ed \u0161koly na odbornou pracovn\u00ed st\u00e1\u017e, tentokr\u00e1t do sousedn\u00edho N\u011bmecka, konkr\u00e9tn\u011b do spolkov\u00e9 zem\u011b Sasko. V m\u011bste\u010dku Schkeuditz, nedaleko Lipska, budou po dobu 14 dn\u016f z\u00edsk\u00e1vat svoje prvn\u00ed kulturn\u00ed, jazykov\u00e9 a pracovn\u00ed zku\u0161enosti v cizojazy\u010dn\u00e9m prost\u0159ed\u00ed. Pracovn\u00ed t\u00fdden jsme zah\u00e1jili informa\u010dn\u00ed sch\u016fzkou k cel\u00e9mu pobytu a pot\u00e9 se vydali na prohl\u00eddku Lipska, kde se studenti dozv\u011bd\u011bli spoustu zaj\u00edmavost\u00ed o tomto m\u011bst\u011b, kter\u00e9mu se v sou\u010dasn\u00e9 dob\u011b v N\u011bmecku p\u0159ezd\u00edv\u00e1 &#8222;Nov\u00fd Berl\u00edn&#8220;.<\/p>\n\n\n\n<p>Bc. Lenka Hernov\u00e1<\/p>\n\n\n\n<p><\/p>\n\n\n\n<figure class=\"wp-block-image size-large\"><img loading=\"lazy\" width=\"768\" height=\"1024\" src=\"https:\/\/www.stredniskola.com\/wp-content\/uploads\/2025\/02\/IMG-20250217-WA0014-768x1024.jpg\" alt=\"\" class=\"wp-image-6171\" srcset=\"https:\/\/www.stredniskola.com\/wp-content\/uploads\/2025\/02\/IMG-20250217-WA0014-768x1024.jpg 768w, https:\/\/www.stredniskola.com\/wp-content\/uploads\/2025\/02\/IMG-20250217-WA0014-225x300.jpg 225w, https:\/\/www.stredniskola.com\/wp-content\/uploads\/2025\/02\/IMG-20250217-WA0014-1152x1536.jpg 1152w, https:\/\/www.stredniskola.com\/wp-content\/uploads\/2025\/02\/IMG-20250217-WA0014-750x1000.jpg 750w, https:\/\/www.stredniskola.com\/wp-content\/uploads\/2025\/02\/IMG-20250217-WA0014.jpg 1536w\" sizes=\"(max-width: 768px) 100vw, 768px\" \/><\/figure>\n","protected":false},"excerpt":{"rendered":"<p>V ned\u011bli 16.2. 2025 vyjeli dal\u0161\u00ed studenti na\u0161\u00ed \u0161koly na odbornou pracovn\u00ed st\u00e1\u017e, tentokr\u00e1t do sousedn\u00edho N\u011bmecka, konkr\u00e9tn\u011b do spolkov\u00e9 zem\u011b Sasko. V m\u011bste\u010dku Schkeuditz, nedaleko Lipska, budou po dobu [&hellip;]<\/p>\n","protected":false},"author":3,"featured_media":6173,"comment_status":"closed","ping_status":"closed","sticky":false,"template":"","format":"standard","meta":[],"categories":[2],"tags":[],"_links":{"self":[{"href":"https:\/\/www.stredniskola.com\/index.php\/wp-json\/wp\/v2\/posts\/6170"}],"collection":[{"href":"https:\/\/www.stredniskola.com\/index.php\/wp-json\/wp\/v2\/posts"}],"about":[{"href":"https:\/\/www.stredniskola.com\/index.php\/wp-json\/wp\/v2\/types\/post"}],"author":[{"embeddable":true,"href":"https:\/\/www.stredniskola.com\/index.php\/wp-json\/wp\/v2\/users\/3"}],"replies":[{"embeddable":true,"href":"https:\/\/www.stredniskola.com\/index.php\/wp-json\/wp\/v2\/comments?post=6170"}],"version-history":[{"count":1,"href":"https:\/\/www.stredniskola.com\/index.php\/wp-json\/wp\/v2\/posts\/6170\/revisions"}],"predecessor-version":[{"id":6174,"href":"https:\/\/www.stredniskola.com\/index.php\/wp-json\/wp\/v2\/posts\/6170\/revisions\/6174"}],"wp:featuredmedia":[{"embeddable":true,"href":"https:\/\/www.stredniskola.com\/index.php\/wp-json\/wp\/v2\/media\/6173"}],"wp:attachment":[{"href":"https:\/\/www.stredniskola.com\/index.php\/wp-json\/wp\/v2\/media?parent=6170"}],"wp:term":[{"taxonomy":"category","embeddable":true,"href":"https:\/\/www.stredniskola.com\/index.php\/wp-json\/wp\/v2\/categories?post=6170"},{"taxonomy":"post_tag","embeddable":true,"href":"https:\/\/www.stredniskola.com\/index.php\/wp-json\/wp\/v2\/tags?post=6170"}],"curies":[{"name":"wp","href":"https:\/\/api.w.org\/{rel}","templated":true}]}}