{"id":6317,"date":"2025-04-07T19:38:37","date_gmt":"2025-04-07T17:38:37","guid":{"rendered":"https:\/\/www.stredniskola.com\/?p=6317"},"modified":"2025-04-07T19:38:37","modified_gmt":"2025-04-07T17:38:37","slug":"exkurze-do-armadniho-muzea","status":"publish","type":"post","link":"https:\/\/www.stredniskola.com\/index.php\/2025\/04\/07\/exkurze-do-armadniho-muzea\/","title":{"rendered":"Exkurze do Arm\u00e1dn\u00edho muzea"},"content":{"rendered":"\n<p>V&nbsp;\u00fater\u00fd 1. dubna 2025 se t\u0159\u00eddy 1.IT&nbsp; a 1.O v&nbsp;r\u00e1mci hodin d\u011bjepisu z\u00fa\u010dastnily exkurze do Prahy. Studenti si nejprve prohl\u00e9dli pomn\u00edk Jana \u017di\u017eky na V\u00edtkov\u011b a pot\u00e9 zam\u00ed\u0159ili do Arm\u00e1dn\u00edho muzea \u017di\u017ekov. Tam si s&nbsp;nad\u0161en\u00edm proch\u00e1zeli expozice v\u011bnovan\u00e9 vojensk\u00fdm d\u011bjin\u00e1m \u010desk\u00e9ho \u00fazem\u00ed. Pro\u0161li z\u00e1kopy 1. sv\u011btov\u00e9 v\u00e1lky a nejv\u00edce \u010dasu str\u00e1vili prohl\u00eddkou expon\u00e1t\u016f z&nbsp;let 1938-1948.&nbsp;<\/p>\n\n\n\n<p>Mgr. Ta\u0165\u00e1na Culkov\u00e1 a Mgr. Petr S\u00fakenn\u00edk<\/p>\n\n\n\n<figure class=\"wp-block-image size-large\"><img loading=\"lazy\" width=\"1024\" height=\"768\" src=\"https:\/\/www.stredniskola.com\/wp-content\/uploads\/2025\/04\/foto-2-1024x768.jpg\" alt=\"\" class=\"wp-image-6321\" srcset=\"https:\/\/www.stredniskola.com\/wp-content\/uploads\/2025\/04\/foto-2-1024x768.jpg 1024w, https:\/\/www.stredniskola.com\/wp-content\/uploads\/2025\/04\/foto-2-300x225.jpg 300w, https:\/\/www.stredniskola.com\/wp-content\/uploads\/2025\/04\/foto-2-768x576.jpg 768w, https:\/\/www.stredniskola.com\/wp-content\/uploads\/2025\/04\/foto-2-1536x1152.jpg 1536w, https:\/\/www.stredniskola.com\/wp-content\/uploads\/2025\/04\/foto-2-2048x1536.jpg 2048w, https:\/\/www.stredniskola.com\/wp-content\/uploads\/2025\/04\/foto-2-750x563.jpg 750w\" sizes=\"(max-width: 1024px) 100vw, 1024px\" \/><\/figure>\n\n\n\n<div class=\"wp-block-image\"><figure class=\"aligncenter size-large\"><img loading=\"lazy\" width=\"768\" height=\"1024\" src=\"https:\/\/www.stredniskola.com\/wp-content\/uploads\/2025\/04\/foto-3-768x1024.jpg\" alt=\"\" class=\"wp-image-6322\" srcset=\"https:\/\/www.stredniskola.com\/wp-content\/uploads\/2025\/04\/foto-3-768x1024.jpg 768w, https:\/\/www.stredniskola.com\/wp-content\/uploads\/2025\/04\/foto-3-225x300.jpg 225w, https:\/\/www.stredniskola.com\/wp-content\/uploads\/2025\/04\/foto-3-1152x1536.jpg 1152w, https:\/\/www.stredniskola.com\/wp-content\/uploads\/2025\/04\/foto-3-1536x2048.jpg 1536w, https:\/\/www.stredniskola.com\/wp-content\/uploads\/2025\/04\/foto-3-750x1000.jpg 750w, https:\/\/www.stredniskola.com\/wp-content\/uploads\/2025\/04\/foto-3-scaled.jpg 1920w\" sizes=\"(max-width: 768px) 100vw, 768px\" \/><\/figure><\/div>\n","protected":false},"excerpt":{"rendered":"<p>V&nbsp;\u00fater\u00fd 1. dubna 2025 se t\u0159\u00eddy 1.IT&nbsp; a 1.O v&nbsp;r\u00e1mci hodin d\u011bjepisu z\u00fa\u010dastnily exkurze do Prahy. Studenti si nejprve prohl\u00e9dli pomn\u00edk Jana \u017di\u017eky na V\u00edtkov\u011b a pot\u00e9 zam\u00ed\u0159ili do Arm\u00e1dn\u00edho [&hellip;]<\/p>\n","protected":false},"author":3,"featured_media":6319,"comment_status":"closed","ping_status":"closed","sticky":false,"template":"","format":"standard","meta":[],"categories":[2],"tags":[],"_links":{"self":[{"href":"https:\/\/www.stredniskola.com\/index.php\/wp-json\/wp\/v2\/posts\/6317"}],"collection":[{"href":"https:\/\/www.stredniskola.com\/index.php\/wp-json\/wp\/v2\/posts"}],"about":[{"href":"https:\/\/www.stredniskola.com\/index.php\/wp-json\/wp\/v2\/types\/post"}],"author":[{"embeddable":true,"href":"https:\/\/www.stredniskola.com\/index.php\/wp-json\/wp\/v2\/users\/3"}],"replies":[{"embeddable":true,"href":"https:\/\/www.stredniskola.com\/index.php\/wp-json\/wp\/v2\/comments?post=6317"}],"version-history":[{"count":1,"href":"https:\/\/www.stredniskola.com\/index.php\/wp-json\/wp\/v2\/posts\/6317\/revisions"}],"predecessor-version":[{"id":6323,"href":"https:\/\/www.stredniskola.com\/index.php\/wp-json\/wp\/v2\/posts\/6317\/revisions\/6323"}],"wp:featuredmedia":[{"embeddable":true,"href":"https:\/\/www.stredniskola.com\/index.php\/wp-json\/wp\/v2\/media\/6319"}],"wp:attachment":[{"href":"https:\/\/www.stredniskola.com\/index.php\/wp-json\/wp\/v2\/media?parent=6317"}],"wp:term":[{"taxonomy":"category","embeddable":true,"href":"https:\/\/www.stredniskola.com\/index.php\/wp-json\/wp\/v2\/categories?post=6317"},{"taxonomy":"post_tag","embeddable":true,"href":"https:\/\/www.stredniskola.com\/index.php\/wp-json\/wp\/v2\/tags?post=6317"}],"curies":[{"name":"wp","href":"https:\/\/api.w.org\/{rel}","templated":true}]}}