{"id":6624,"date":"2025-09-13T11:12:00","date_gmt":"2025-09-13T09:12:00","guid":{"rendered":"https:\/\/www.stredniskola.com\/?p=6624"},"modified":"2025-09-13T12:53:44","modified_gmt":"2025-09-13T10:53:44","slug":"nasi-novi-prvaci","status":"publish","type":"post","link":"https:\/\/www.stredniskola.com\/index.php\/2025\/09\/13\/nasi-novi-prvaci\/","title":{"rendered":"na\u0161i nov\u00ed prv\u00e1ci"},"content":{"rendered":"\n<h2><strong>Adapta\u010dn\u00ed kurz na\u0161ich prv\u00e1k\u016f 2. \u2013 4. z\u00e1\u0159\u00ed<\/strong><\/h2>\n\n\n\n<p>Studenti 1. ro\u010dn\u00edk\u016f spolu zah\u00e1jili \u0161koln\u00ed rok t\u0159\u00eddenn\u00edm adapta\u010dn\u00edm kurzem v&nbsp;RS \u017delivka. Celou dobu jim byli v\u011brn\u00fdmi pr\u016fvodci t\u0159\u00eddn\u00ed u\u010ditel\u00e9 za vydatn\u00e9 podpory dal\u0161\u00edch vyu\u010duj\u00edc\u00edch. Prvn\u00ed den n\u00e1m lehce propr\u0161el, ale nedali jsme se odradit a p\u0159i spole\u010dn\u00fdch seznamovac\u00edch aktivit\u00e1ch jsme si u\u017eili spoustu legrace. Postupn\u011b jsme p\u0159e\u0161li na t\u00fdmov\u00e9 \u00fakoly, kdy jednotliv\u00e9 t\u0159\u00eddy budovaly vz\u00e1jemnou spolupr\u00e1ci a komunikaci. Druh\u00fd den u\u017e se po\u010das\u00ed umoud\u0159ilo a my jsme mohli naplno vyu\u017e\u00edt p\u0159\u00edjemn\u00e9 prost\u0159ed\u00ed are\u00e1lu i jeho okol\u00ed, vyrazili jsme i na kr\u00e1tk\u00fd v\u00fdlet. Ve\u010dern\u00ed program si p\u0159ipravili studenti, a\u0165 u\u017e se jednalo o \u201espartaki\u00e1dn\u00ed cvi\u010den\u00ed\u201c 1. IT, \u0161tafetu s&nbsp;vodou od 1. RG, drobn\u00e9 sout\u011b\u017ee od 1. O nebo tichou po\u0161tu od 1. K, 1. DS. &nbsp;S&nbsp;vervou se do sout\u011b\u017e\u00ed pustili i pedagogov\u00e9 a sv\u00e9 v\u00edt\u011bzstv\u00ed ve \u0161tafet\u011b oslavili vzty\u010den\u00edm \u201eolivov\u00e9 ratolesti\u201c za zvuku hymny. T\u0159et\u00ed den jsme uzav\u0159eli n\u00e1v\u0161t\u011bvou elektr\u00e1rny, spole\u010dn\u00fdm hodnocen\u00edm a pozitivn\u00edmi vzkazy nap\u0159\u00ed\u010d v\u0161emi \u201e\u00fa\u010dastn\u00edky z\u00e1jezdu\u201c.Tak vzh\u016fru do \u0161koln\u00edho roku, na\u0161i mil\u00ed prv\u00e1ci.<\/p>\n\n\n\n<p>Mgr. Lenka Lutnerov\u00e1<\/p>\n\n\n\n<figure class=\"wp-block-image size-large\"><img loading=\"lazy\" width=\"1024\" height=\"768\" src=\"https:\/\/www.stredniskola.com\/wp-content\/uploads\/2025\/09\/adaptak-2025-1024x768.jpg\" alt=\"\" class=\"wp-image-6625\" srcset=\"https:\/\/www.stredniskola.com\/wp-content\/uploads\/2025\/09\/adaptak-2025-1024x768.jpg 1024w, https:\/\/www.stredniskola.com\/wp-content\/uploads\/2025\/09\/adaptak-2025-300x225.jpg 300w, https:\/\/www.stredniskola.com\/wp-content\/uploads\/2025\/09\/adaptak-2025-768x576.jpg 768w, https:\/\/www.stredniskola.com\/wp-content\/uploads\/2025\/09\/adaptak-2025-1536x1152.jpg 1536w, https:\/\/www.stredniskola.com\/wp-content\/uploads\/2025\/09\/adaptak-2025-2048x1536.jpg 2048w, https:\/\/www.stredniskola.com\/wp-content\/uploads\/2025\/09\/adaptak-2025-750x563.jpg 750w\" sizes=\"(max-width: 1024px) 100vw, 1024px\" \/><\/figure>\n","protected":false},"excerpt":{"rendered":"<p>Adapta\u010dn\u00ed kurz na\u0161ich prv\u00e1k\u016f 2. \u2013 4. z\u00e1\u0159\u00ed Studenti 1. ro\u010dn\u00edk\u016f spolu zah\u00e1jili \u0161koln\u00ed rok t\u0159\u00eddenn\u00edm adapta\u010dn\u00edm kurzem v&nbsp;RS \u017delivka. Celou dobu jim byli v\u011brn\u00fdmi pr\u016fvodci t\u0159\u00eddn\u00ed u\u010ditel\u00e9 za vydatn\u00e9 [&hellip;]<\/p>\n","protected":false},"author":3,"featured_media":6626,"comment_status":"closed","ping_status":"closed","sticky":false,"template":"","format":"standard","meta":[],"categories":[2],"tags":[],"_links":{"self":[{"href":"https:\/\/www.stredniskola.com\/index.php\/wp-json\/wp\/v2\/posts\/6624"}],"collection":[{"href":"https:\/\/www.stredniskola.com\/index.php\/wp-json\/wp\/v2\/posts"}],"about":[{"href":"https:\/\/www.stredniskola.com\/index.php\/wp-json\/wp\/v2\/types\/post"}],"author":[{"embeddable":true,"href":"https:\/\/www.stredniskola.com\/index.php\/wp-json\/wp\/v2\/users\/3"}],"replies":[{"embeddable":true,"href":"https:\/\/www.stredniskola.com\/index.php\/wp-json\/wp\/v2\/comments?post=6624"}],"version-history":[{"count":3,"href":"https:\/\/www.stredniskola.com\/index.php\/wp-json\/wp\/v2\/posts\/6624\/revisions"}],"predecessor-version":[{"id":6683,"href":"https:\/\/www.stredniskola.com\/index.php\/wp-json\/wp\/v2\/posts\/6624\/revisions\/6683"}],"wp:featuredmedia":[{"embeddable":true,"href":"https:\/\/www.stredniskola.com\/index.php\/wp-json\/wp\/v2\/media\/6626"}],"wp:attachment":[{"href":"https:\/\/www.stredniskola.com\/index.php\/wp-json\/wp\/v2\/media?parent=6624"}],"wp:term":[{"taxonomy":"category","embeddable":true,"href":"https:\/\/www.stredniskola.com\/index.php\/wp-json\/wp\/v2\/categories?post=6624"},{"taxonomy":"post_tag","embeddable":true,"href":"https:\/\/www.stredniskola.com\/index.php\/wp-json\/wp\/v2\/tags?post=6624"}],"curies":[{"name":"wp","href":"https:\/\/api.w.org\/{rel}","templated":true}]}}