{"id":6943,"date":"2025-11-07T13:08:38","date_gmt":"2025-11-07T12:08:38","guid":{"rendered":"https:\/\/www.stredniskola.com\/?p=6943"},"modified":"2025-11-07T13:08:38","modified_gmt":"2025-11-07T12:08:38","slug":"slavnostni-vyhlaseni-projektu-mladi-2025","status":"publish","type":"post","link":"https:\/\/www.stredniskola.com\/index.php\/2025\/11\/07\/slavnostni-vyhlaseni-projektu-mladi-2025\/","title":{"rendered":"Slavnostn\u00ed vyhl\u00e1\u0161en\u00ed projektu Ml\u00e1d\u00ed 2025"},"content":{"rendered":"\n<p>Ve \u010dtvrtek 7.11. prob\u011bhlo v&nbsp;kin\u011b v&nbsp;Humpolci slavnostn\u00ed vyhl\u00e1\u0161en\u00ed student\u016f v&nbsp;r\u00e1mci projektu Ml\u00e1d\u00ed \u2013 sout\u011b\u017e o nejv\u0161estrann\u011bj\u0161\u00edho studenta za lo\u0148sk\u00fd \u0161koln\u00ed rok. Za na\u0161i \u0161kolu byli nominov\u00e1ni a ocen\u011bni Ond\u0159ej Nov\u00e1k 4. IT (kter\u00fd sv\u00fdm rozhovorem s&nbsp;moder\u00e1torem pobavil cel\u00e9 kino \u2013 kdo Ond\u0159eje zn\u00e1te v\u00edte, \u017ee je sp\u00ed\u0161e z\u00e1zrak, \u017ee program skon\u010dil v&nbsp;kin\u011b v\u010das), Martin \u0160r\u00e1mek 1. IT (kter\u00fd byl nominov\u00e1n za svou zodpov\u011bdnou pr\u00e1ci, nasazen\u00ed a ochotu v&nbsp;oboru Reproduk\u010dn\u00ed grafik). Na z\u00edsk\u00e1n\u00ed ocen\u011bn\u00ed v&nbsp;kategorii Vysok\u00e1 karta byla nominov\u00e1na Ad\u00e9la Gregrov\u00e1 z&nbsp;4. O.&nbsp; O po\u0159ad\u00ed rozhoduje Vysok\u00e1 \u0161kola polytechnick\u00e1 v&nbsp;Jihlav\u011b a ta ud\u011blila Ad\u00e9le 1. m\u00edsto. Nav\u00e1zala tak \u00fasp\u011b\u0161n\u011b na lo\u0148sk\u00fd \u0161koln\u00ed rok a p\u0159inesla dal\u0161\u00ed zlato.<\/p>\n\n\n\n<p>V&nbsp;r\u00e1mci kulturn\u00edho programu, kter\u00fd zaji\u0161\u0165ovala ZU\u0160 Gustava Mahlera v&nbsp;Humpolci, se na p\u00f3diu v&nbsp;dal\u0161\u00ed sv\u00e9 hudebn\u00ed roli p\u0159edstavil Sebastian Zlata z&nbsp;3. O.&nbsp; Tentokr\u00e1t vym\u011bnil klav\u00edr za elektrickou kytaru a vy\u0161vihl ve skladb\u011b od skupiny Metallica s\u00f3lo, za kter\u00e9 by se nemusel styd\u011bt ani Kirk Hammett. Od n\u00e1s m\u00e1 palec nahoru, obdiv a respekt.<\/p>\n\n\n\n<p>V\u0161em ocen\u011bn\u00fdm gratulujeme a d\u011bkujeme za vzornou reprezentaci na\u0161\u00ed \u0161koly.<\/p>\n\n\n\n<p>Jsme pr\u00e1vem hrd\u00ed na to, jak\u00e9 m\u00e1me v&nbsp;na\u0161\u00ed \u0161kole studenty.<\/p>\n\n\n\n<p>Mgr. Lenka Lutnerov\u00e1<\/p>\n\n\n\n<div class=\"wp-block-image\"><figure class=\"aligncenter size-medium\"><img loading=\"lazy\" width=\"255\" height=\"300\" src=\"https:\/\/www.stredniskola.com\/wp-content\/uploads\/2025\/11\/MLADI-2025-5-1-255x300.jpg\" alt=\"\" class=\"wp-image-6945\" srcset=\"https:\/\/www.stredniskola.com\/wp-content\/uploads\/2025\/11\/MLADI-2025-5-1-255x300.jpg 255w, https:\/\/www.stredniskola.com\/wp-content\/uploads\/2025\/11\/MLADI-2025-5-1-870x1024.jpg 870w, https:\/\/www.stredniskola.com\/wp-content\/uploads\/2025\/11\/MLADI-2025-5-1-768x903.jpg 768w, https:\/\/www.stredniskola.com\/wp-content\/uploads\/2025\/11\/MLADI-2025-5-1-750x882.jpg 750w, https:\/\/www.stredniskola.com\/wp-content\/uploads\/2025\/11\/MLADI-2025-5-1.jpg 924w\" sizes=\"(max-width: 255px) 100vw, 255px\" \/><\/figure><\/div>\n\n\n\n<div class=\"wp-block-image\"><figure class=\"aligncenter size-medium\"><img loading=\"lazy\" width=\"252\" height=\"300\" src=\"https:\/\/www.stredniskola.com\/wp-content\/uploads\/2025\/11\/MLADI-2025-4-1-252x300.jpg\" alt=\"\" class=\"wp-image-6946\" srcset=\"https:\/\/www.stredniskola.com\/wp-content\/uploads\/2025\/11\/MLADI-2025-4-1-252x300.jpg 252w, https:\/\/www.stredniskola.com\/wp-content\/uploads\/2025\/11\/MLADI-2025-4-1-859x1024.jpg 859w, https:\/\/www.stredniskola.com\/wp-content\/uploads\/2025\/11\/MLADI-2025-4-1-768x915.jpg 768w, https:\/\/www.stredniskola.com\/wp-content\/uploads\/2025\/11\/MLADI-2025-4-1-750x894.jpg 750w, https:\/\/www.stredniskola.com\/wp-content\/uploads\/2025\/11\/MLADI-2025-4-1.jpg 903w\" sizes=\"(max-width: 252px) 100vw, 252px\" \/><\/figure><\/div>\n\n\n\n<p><\/p>\n","protected":false},"excerpt":{"rendered":"<p>Ve \u010dtvrtek 7.11. prob\u011bhlo v&nbsp;kin\u011b v&nbsp;Humpolci slavnostn\u00ed vyhl\u00e1\u0161en\u00ed student\u016f v&nbsp;r\u00e1mci projektu Ml\u00e1d\u00ed \u2013 sout\u011b\u017e o nejv\u0161estrann\u011bj\u0161\u00edho studenta za lo\u0148sk\u00fd \u0161koln\u00ed rok. Za na\u0161i \u0161kolu byli nominov\u00e1ni a ocen\u011bni Ond\u0159ej Nov\u00e1k [&hellip;]<\/p>\n","protected":false},"author":3,"featured_media":6944,"comment_status":"closed","ping_status":"closed","sticky":false,"template":"","format":"standard","meta":[],"categories":[2],"tags":[],"_links":{"self":[{"href":"https:\/\/www.stredniskola.com\/index.php\/wp-json\/wp\/v2\/posts\/6943"}],"collection":[{"href":"https:\/\/www.stredniskola.com\/index.php\/wp-json\/wp\/v2\/posts"}],"about":[{"href":"https:\/\/www.stredniskola.com\/index.php\/wp-json\/wp\/v2\/types\/post"}],"author":[{"embeddable":true,"href":"https:\/\/www.stredniskola.com\/index.php\/wp-json\/wp\/v2\/users\/3"}],"replies":[{"embeddable":true,"href":"https:\/\/www.stredniskola.com\/index.php\/wp-json\/wp\/v2\/comments?post=6943"}],"version-history":[{"count":1,"href":"https:\/\/www.stredniskola.com\/index.php\/wp-json\/wp\/v2\/posts\/6943\/revisions"}],"predecessor-version":[{"id":6947,"href":"https:\/\/www.stredniskola.com\/index.php\/wp-json\/wp\/v2\/posts\/6943\/revisions\/6947"}],"wp:featuredmedia":[{"embeddable":true,"href":"https:\/\/www.stredniskola.com\/index.php\/wp-json\/wp\/v2\/media\/6944"}],"wp:attachment":[{"href":"https:\/\/www.stredniskola.com\/index.php\/wp-json\/wp\/v2\/media?parent=6943"}],"wp:term":[{"taxonomy":"category","embeddable":true,"href":"https:\/\/www.stredniskola.com\/index.php\/wp-json\/wp\/v2\/categories?post=6943"},{"taxonomy":"post_tag","embeddable":true,"href":"https:\/\/www.stredniskola.com\/index.php\/wp-json\/wp\/v2\/tags?post=6943"}],"curies":[{"name":"wp","href":"https:\/\/api.w.org\/{rel}","templated":true}]}}