{"id":6956,"date":"2025-11-20T08:15:00","date_gmt":"2025-11-20T07:15:00","guid":{"rendered":"https:\/\/www.stredniskola.com\/?p=6956"},"modified":"2025-11-24T09:05:28","modified_gmt":"2025-11-24T08:05:28","slug":"erasmus-italie-2025","status":"publish","type":"post","link":"https:\/\/www.stredniskola.com\/index.php\/2025\/11\/20\/erasmus-italie-2025\/","title":{"rendered":"Erasmus+ It\u00e1lie 2025"},"content":{"rendered":"\n<p><strong>Cesta je nejen p\u0159\u00edle\u017eitost\u00ed k pozn\u00e1v\u00e1n\u00ed nov\u00fdch m\u00edst, ale tak\u00e9 k utu\u017een\u00ed kolektivn\u00edho ducha a z\u00edsk\u00e1n\u00ed zku\u0161enost\u00ed, kter\u00e9 z\u016fstanou v pam\u011bti je\u0161t\u011b dlouho po n\u00e1vratu.<\/strong><\/p>\n\n\n\n<div class=\"wp-block-image\"><figure class=\"aligncenter size-full\"><img loading=\"lazy\" width=\"268\" height=\"226\" src=\"https:\/\/www.stredniskola.com\/wp-content\/uploads\/2025\/11\/GetAttachmentThumbnail.png\" alt=\"\" class=\"wp-image-6957\"\/><\/figure><\/div>\n\n\n\n<div class=\"wp-block-image\"><figure class=\"aligncenter size-medium\"><img loading=\"lazy\" width=\"225\" height=\"300\" src=\"https:\/\/www.stredniskola.com\/wp-content\/uploads\/2025\/11\/image_picker_806C1B90-3D17-4CC7-92F3-C953A3B4F673-33885-0000061364BACCD0-225x300.jpg\" alt=\"\" class=\"wp-image-6959\" srcset=\"https:\/\/www.stredniskola.com\/wp-content\/uploads\/2025\/11\/image_picker_806C1B90-3D17-4CC7-92F3-C953A3B4F673-33885-0000061364BACCD0-225x300.jpg 225w, https:\/\/www.stredniskola.com\/wp-content\/uploads\/2025\/11\/image_picker_806C1B90-3D17-4CC7-92F3-C953A3B4F673-33885-0000061364BACCD0-768x1024.jpg 768w, https:\/\/www.stredniskola.com\/wp-content\/uploads\/2025\/11\/image_picker_806C1B90-3D17-4CC7-92F3-C953A3B4F673-33885-0000061364BACCD0-1152x1536.jpg 1152w, https:\/\/www.stredniskola.com\/wp-content\/uploads\/2025\/11\/image_picker_806C1B90-3D17-4CC7-92F3-C953A3B4F673-33885-0000061364BACCD0-1536x2048.jpg 1536w, https:\/\/www.stredniskola.com\/wp-content\/uploads\/2025\/11\/image_picker_806C1B90-3D17-4CC7-92F3-C953A3B4F673-33885-0000061364BACCD0-750x1000.jpg 750w, https:\/\/www.stredniskola.com\/wp-content\/uploads\/2025\/11\/image_picker_806C1B90-3D17-4CC7-92F3-C953A3B4F673-33885-0000061364BACCD0-scaled.jpg 1920w\" sizes=\"(max-width: 225px) 100vw, 225px\" \/><\/figure><\/div>\n\n\n\n<p>V sobotu 8. 11. 2025 p\u0159esn\u011b v 19:30 vyrazila skupina \u010dtrn\u00e1cti studentek a student\u016f v doprovodu dvou vyu\u010duj\u00edc\u00edch na dlouho o\u010dek\u00e1vanou zahrani\u010dn\u00ed st\u00e1\u017e v&nbsp;r\u00e1mci programu Erasmus+ do Mil\u00e1na. Autobus je nejprve zavezl do Brna, kde je \u010dekal p\u0159estup na d\u00e1lkov\u00fd spoj FlixBus. B\u011bhem \u010dek\u00e1n\u00ed na dal\u0161\u00ed spoj se skupina sezn\u00e1mila s jin\u00fdmi st\u00e1\u017eisti ze Slovenska, kte\u0159\u00ed m\u00ed\u0159il na zahrani\u010dn\u00ed st\u00e1\u017e do Lipska. Kr\u00e1tk\u00e9 setk\u00e1n\u00ed dodalo ve\u010deru p\u0159\u00edjemnou atmosf\u00e9ru. N\u00e1sledovala no\u010dn\u00ed j\u00edzda, kter\u00e1 byla sama o sob\u011b z\u00e1\u017eitkem. Trasa vedla p\u0159es V\u00edde\u0148, pot\u00e9 sm\u011br Ben\u00e1tky, a a\u017e z Ben\u00e1tek se skupina kone\u010dn\u011b p\u0159ibl\u00ed\u017eila k c\u00edli \u2013 italsk\u00e9mu Mil\u00e1nu. Po dlouh\u00e9 cest\u011b vystoupili v ned\u011bli kolem poledne. \u010cekala je prvn\u00ed v\u00fdzva: cesta na ubytov\u00e1n\u00ed. P\u0159esto\u017ee se zd\u00e1la b\u00fdt jednoduch\u00e1, dopravn\u00edm prost\u0159edkem bylo metro, kter\u00e9 pro n\u011bkter\u00e9 znamenalo novou zku\u0161enost. V\u0161ichni to v\u0161ak zvl\u00e1dli na v\u00fdbornou a po zhruba hodin\u011b j\u00edzdy dorazili na m\u00edsto. Ubytov\u00e1n\u00ed je dvoupatrov\u00e1 budova s p\u0159ipraven\u00fdmi pokoji pro celou skupinu. Po kr\u00e1tk\u00e9m odpo\u010dinku se \u010d\u00e1st student\u016f spolu s pan\u00ed u\u010ditelkou N\u00e1dvorn\u00edkovou vydala objevovat okol\u00ed a nakoupit si prvn\u00ed italsk\u00e9 z\u00e1soby. Den byl zakon\u010den vynikaj\u00edc\u00ed italskou pizzou.<\/p>\n\n\n\n<div class=\"wp-block-image\"><figure class=\"aligncenter size-medium\"><img loading=\"lazy\" width=\"225\" height=\"300\" src=\"https:\/\/www.stredniskola.com\/wp-content\/uploads\/2025\/11\/image_picker_1239DDBA-4590-4D45-B3BF-C1F0538D63EB-33885-00000613D91C721A-225x300.jpg\" alt=\"\" class=\"wp-image-6960\" srcset=\"https:\/\/www.stredniskola.com\/wp-content\/uploads\/2025\/11\/image_picker_1239DDBA-4590-4D45-B3BF-C1F0538D63EB-33885-00000613D91C721A-225x300.jpg 225w, https:\/\/www.stredniskola.com\/wp-content\/uploads\/2025\/11\/image_picker_1239DDBA-4590-4D45-B3BF-C1F0538D63EB-33885-00000613D91C721A-768x1024.jpg 768w, https:\/\/www.stredniskola.com\/wp-content\/uploads\/2025\/11\/image_picker_1239DDBA-4590-4D45-B3BF-C1F0538D63EB-33885-00000613D91C721A-1152x1536.jpg 1152w, https:\/\/www.stredniskola.com\/wp-content\/uploads\/2025\/11\/image_picker_1239DDBA-4590-4D45-B3BF-C1F0538D63EB-33885-00000613D91C721A-1536x2048.jpg 1536w, https:\/\/www.stredniskola.com\/wp-content\/uploads\/2025\/11\/image_picker_1239DDBA-4590-4D45-B3BF-C1F0538D63EB-33885-00000613D91C721A-750x1000.jpg 750w, https:\/\/www.stredniskola.com\/wp-content\/uploads\/2025\/11\/image_picker_1239DDBA-4590-4D45-B3BF-C1F0538D63EB-33885-00000613D91C721A-scaled.jpg 1920w\" sizes=\"(max-width: 225px) 100vw, 225px\" \/><\/figure><\/div>\n\n\n\n<p><strong>Prvn\u00ed pracovn\u00ed den: seznamov\u00e1n\u00ed s pravidly a cestou do pr\u00e1ce<\/strong>V pond\u011bl\u00ed dopoledne se Erasmus skupina nejprve sezn\u00e1mila s pravidly st\u00e1\u017ee. Po \u00favodn\u00edm setk\u00e1n\u00ed si v\u0161ichni vyzkou\u0161eli cestu na sv\u00e1 pracovi\u0161t\u011b. Aby prvn\u00ed sezn\u00e1men\u00ed s trasou nebylo takovou \u201ebojovkou\u201c, doprov\u00e1zeli je zam\u011bstnanci zprost\u0159edkuj\u00edc\u00ed agentury spolu s u\u010ditelkami.Na jednotliv\u00fdch pracovi\u0161t\u00edch byly student\u016fm p\u0159ed\u00e1ny d\u016fle\u017eit\u00e9 informace o jejich povinnostech a pracovn\u00edch \u00fakolech. Vzhledem k tomu, \u017ee n\u011bkte\u0159\u00ed \u00fa\u010dastn\u00edci st\u00e1\u017ee pracuj\u00ed na sm\u011bny, za\u010dali u\u017e prvn\u00ed den plnit sv\u00e9 pracovn\u00ed povinnosti. Pro v\u0161echny to byla skv\u011bl\u00e1 p\u0159\u00edle\u017eitost poznat prost\u0159ed\u00ed, ve kter\u00e9m budou n\u00e1sleduj\u00edc\u00ed dny p\u016fsobit.<\/p>\n\n\n\n<div class=\"wp-block-image\"><figure class=\"aligncenter size-full\"><img loading=\"lazy\" width=\"250\" height=\"333\" src=\"https:\/\/www.stredniskola.com\/wp-content\/uploads\/2025\/11\/GetAttachmentThumbnail-11.jpg\" alt=\"\" class=\"wp-image-6989\" srcset=\"https:\/\/www.stredniskola.com\/wp-content\/uploads\/2025\/11\/GetAttachmentThumbnail-11.jpg 250w, https:\/\/www.stredniskola.com\/wp-content\/uploads\/2025\/11\/GetAttachmentThumbnail-11-225x300.jpg 225w\" sizes=\"(max-width: 250px) 100vw, 250px\" \/><\/figure><\/div>\n\n\n\n<p><strong>Dojmy Nely B.:<\/strong> V\u010dera jsme s d\u011bv\u010daty za\u017eily n\u00e1dhern\u00fd ve\u010der \u2013 p\u0159i z\u00e1padu slunce jsme se pro\u0161ly pod\u00e9l vodn\u00edho kan\u00e1lu, kter\u00fd dodal m\u011bstu romantickou atmosf\u00e9ru. Pozd\u011bji jsme obdivovaly slavnou katedr\u00e1lu Duomo, jej\u00ed\u017e majest\u00e1tnost n\u00e1s doslova ohromila. Dnes m\u011b \u010dekal prvn\u00ed pracovn\u00ed den. M\u00edstem m\u00e9 st\u00e1\u017ee je kr\u00e1sn\u00fd hotel, kter\u00fd je v\u00fdjime\u010dn\u00fd svou origin\u00e1ln\u00ed tematikou inspirovanou Jamesem Bondem. Prvn\u00ed dv\u011b hodiny jsem pom\u00e1hala v hlavn\u00ed m\u00edstnosti s p\u0159\u00edpravou bufetu pro klienty. Zbytek sm\u011bny jsem str\u00e1vila \u00faklidem pokoj\u016f, co\u017e byla skv\u011bl\u00e1 p\u0159\u00edle\u017eitost poznat provoz hotelu zbl\u00edzka. Do pr\u00e1ce i zp\u011bt se dopravujeme metrem, co\u017e je rychl\u00e9 a pohodln\u00e9. Samoz\u0159ejm\u011b jsem si u\u017e stihla vychutnat m\u00edstn\u00ed k\u00e1vu a \u010derstv\u00e9 pe\u010divo \u2013 chu\u0165ov\u011b naprosto skv\u011bl\u00e9! Zat\u00edm si sv\u016fj Erasmus pobyt velmi u\u017e\u00edv\u00e1m a jsem vd\u011b\u010dn\u00e1, \u017ee m\u00e1m mo\u017enost b\u00fdt jeho sou\u010d\u00e1st\u00ed.<\/p>\n\n\n\n<div class=\"wp-block-image\"><figure class=\"aligncenter size-full\"><img loading=\"lazy\" width=\"250\" height=\"333\" src=\"https:\/\/www.stredniskola.com\/wp-content\/uploads\/2025\/11\/GetAttachmentThumbnail-10.jpg\" alt=\"\" class=\"wp-image-6987\" srcset=\"https:\/\/www.stredniskola.com\/wp-content\/uploads\/2025\/11\/GetAttachmentThumbnail-10.jpg 250w, https:\/\/www.stredniskola.com\/wp-content\/uploads\/2025\/11\/GetAttachmentThumbnail-10-225x300.jpg 225w\" sizes=\"(max-width: 250px) 100vw, 250px\" \/><\/figure><\/div>\n\n\n\n<p><strong>\u201cStor\u00ed\u010dka\u201d z expedice Apalucha (Mil\u00e1no &#8211; zahrani\u010dn\u00ed st\u00e1\u017e)<\/strong>&nbsp;<\/p>\n\n\n\n<p><strong>\u0158\u00edk\u00e1 se, \u017ee v\u0161echny cesty vedou do \u0158\u00edma, ale ta na\u0161e \u201eerasm\u00e1ck\u00e1\u201c se na \u010dtrn\u00e1ct dn\u00ed zastavila v Mil\u00e1n\u011b.<\/strong>&nbsp;S hrdost\u00ed m\u016f\u017eeme \u0159\u00edci, \u017ee jsme zvl\u00e1dli mil\u00e1nskou ve\u0159ejnou dopravu na jedni\u010dku. Orientaci v metru s p\u011bti linkami jsme dovedli k dokonalosti. Nau\u010dili jsme se i italsk\u00fd zp\u016fsob n\u00e1stupu a v\u00fdstupu z autobus\u016f a trolejbus\u016f \u2013 nastupov\u00e1n\u00ed p\u0159edn\u00edmi a zadn\u00edmi dve\u0159mi, vystupov\u00e1n\u00ed prost\u0159edn\u00edmi dve\u0159mi po stisknut\u00ed tla\u010d\u00edtka \u201estop\u201c. Okouzlily n\u00e1s tak\u00e9 historick\u00e9 tramvaje s d\u0159ev\u011bn\u00fdm interi\u00e9rem, kter\u00e9 dod\u00e1vaj\u00ed m\u011bstu jedine\u010dn\u00fd \u0161arm.&nbsp;Viditeln\u00fdm d\u016fkazem, \u017ee Mil\u00e1n je m\u011bstem m\u00f3dy, je nep\u0159ebern\u00e9 mno\u017estv\u00ed obchodn\u00edch dom\u016f, butik\u016f a prodejen se zna\u010dkov\u00fdm oble\u010den\u00edm. Na druhou stranu obchody s potravinami jsou zde v omezen\u00e9m po\u010dtu. &nbsp;Za \u201emust see\u201c pova\u017eujeme baziliku sv. Ambro\u017ee \u2013 chr\u00e1m, kter\u00fd uchov\u00e1v\u00e1 i \u010desk\u00e9 stopy. Pr\u00e1v\u011b zde byl korunov\u00e1n Karel IV. lombardsk\u00fdm kr\u00e1lem, co\u017e dod\u00e1v\u00e1 n\u00e1v\u0161t\u011bv\u011b tohoto m\u00edsta jedine\u010dn\u00fd rozm\u011br. Atmosf\u00e9ra baziliky v\u00e1s p\u0159enese do doby, kdy v\u00edra a moc psaly d\u011bjiny.&nbsp;V\u00edkendov\u00fd kulturn\u00ed program se t\u00fdkal n\u00e1v\u0161t\u011bvy p\u016fvodn\u011b st\u0159edov\u011bk\u00e9ho hradu Castello Sforzesco, kde se v sou\u010dasnosti nach\u00e1z\u00ed hned n\u011bkolik muze\u00ed, a mohli jsme obdivovat nap\u0159\u00edklad nedokon\u010den\u00e9 souso\u0161\u00ed Piety od slavn\u00e9ho Michelangela. Hrad je pova\u017eov\u00e1n za jeden z nejv\u011bt\u0161\u00edch a nejkr\u00e1sn\u011bj\u0161\u00edch hrad\u016f v cel\u00e9 It\u00e1lii.&nbsp;&nbsp;N\u00e1pln\u00ed pr\u00e1ce doprovodn\u00fdch pedagog\u016f nen\u00ed jen \u201cb\u00fdt p\u0159\u00edtomen\u201d, ale tak\u00e9 pom\u00e1hat \u0159e\u0161it r\u016fzn\u00e9 zapeklit\u00e9 situace a nav\u0161t\u011bvovat pracovi\u0161t\u011b v\u0161ech \u00fa\u010dastn\u00edk\u016f. P\u0159i n\u00e1v\u0161t\u011bv\u011b Roz\u00e1r\u010diny praxe ve Spazio Romanelli jsme ocenily p\u0159\u00e1telskou pracovn\u00ed atmosf\u00e9ru a s pot\u011b\u0161en\u00edm poslouchaly pochvaln\u00e1 slova na jej\u00ed pozitivn\u00ed p\u0159\u00edstup k pr\u00e1ci. Dal\u0161\u00ed studentka, B\u00e1ra, p\u016fsob\u00ed v rodinn\u00e9 cestovn\u00ed kancel\u00e1\u0159i Standard Travel, kde se v\u011bnuje vypl\u0148ov\u00e1n\u00ed \u00fadaj\u016f v registra\u010dn\u00ed aplikaci.&nbsp; Dal\u0161\u00edm nav\u0161t\u00edven\u00fdm pracovi\u0161t\u011bm byla logistick\u00e1 firma CLO nach\u00e1zej\u00edc\u00ed se na sam\u00e9m okraji Mil\u00e1na, kter\u00e1 v sou\u010dasn\u00e9 dob\u011b zam\u011bstn\u00e1v\u00e1 Lucku a Sebastiana, a Koala Hostel, kde svoji praxi vykon\u00e1vaj\u00ed Martina se Zuzkou. V\u0161ichni na\u0161i studenti jsou chv\u00e1leni za pracovitost a samostatnost a my z toho m\u00e1me samoz\u0159ejm\u011b velkou radost. Posledn\u00ed n\u00e1v\u0161t\u011bvy na pracovi\u0161t\u00edch n\u00e1s \u010dekaj\u00ed v nejbli\u017e\u0161\u00edch dnech.&nbsp;<\/p>\n\n\n\n<div class=\"wp-block-image\"><figure class=\"aligncenter size-full\"><img loading=\"lazy\" width=\"250\" height=\"333\" src=\"https:\/\/www.stredniskola.com\/wp-content\/uploads\/2025\/11\/GetAttachmentThumbnail-7.jpg\" alt=\"\" class=\"wp-image-6980\" srcset=\"https:\/\/www.stredniskola.com\/wp-content\/uploads\/2025\/11\/GetAttachmentThumbnail-7.jpg 250w, https:\/\/www.stredniskola.com\/wp-content\/uploads\/2025\/11\/GetAttachmentThumbnail-7-225x300.jpg 225w\" sizes=\"(max-width: 250px) 100vw, 250px\" \/><\/figure><\/div>\n\n\n\n<p><strong>Post\u0159ehy Lucky T. a Sebasti\u00e1na Z.<\/strong>&nbsp;Je 13. listopadu a dnes jsme byli \u010dtvrt\u00fd den v pr\u00e1ci. Pracujeme ve firm\u011b CLO, a to jak v kancel\u00e1\u0159i, tak ve skladu. V\u0161ichni jsou velmi mil\u00ed a v\u011bt\u0161inu \u010dasu se sm\u011bjeme. Na\u0161\u00ed n\u00e1pln\u00ed pr\u00e1ce je p\u0159ij\u00edm\u00e1n\u00ed objedn\u00e1vek, kontrola jejich doru\u010den\u00ed a n\u00e1sledn\u00e1 archivace dokument\u016f. Ve skladu jsme se v\u011bnovali knih\u00e1m \u2013 balili jsme je a p\u0159ipravovali k expedici. Do pr\u00e1ce i zp\u011bt cestujeme metrem a vlakem, cel\u00e1 cesta trv\u00e1 p\u0159ibli\u017en\u011b 50 minut. M\u011bsto je kr\u00e1sn\u00e9 a pobyt si tu opravdu u\u017e\u00edv\u00e1me.&nbsp;<\/p>\n\n\n\n<p><strong>Z\u00e1\u017eitky Ane\u017eky F. a Lukyho N.<\/strong>&nbsp;Dnes jsme se s Luk\u00e1\u0161em na odpoledn\u00ed sm\u011bn\u011b zab\u00fdvali hlavn\u011b check-iny, zapisovali jsme informace z pas\u016f nebo ob\u010dansk\u00fdch pr\u016fkaz\u016f a kontrolovali rezervace. Host\u016fm jsme vysv\u011btlili, kde se jejich pokoj nach\u00e1z\u00ed, a dali ty spr\u00e1vn\u00e9 kl\u00ed\u010de. J\u00e1 u\u017e jsem pod dohledem zvl\u00e1dla tak\u0159ka cel\u00fd check-in, z\u00e1rove\u0148 i \u00fa\u010dtov\u00e1n\u00ed turistick\u00e9 dan\u011b nebo jin\u00fdch poplatk\u016f.&nbsp;Z pohledu Luk\u00e1\u0161e to vypad\u00e1 takto \u2013 \u201eJ\u00e1 se je\u0161t\u011b dob\u0159e neorientuji v t\u011bch check-inech. Ale George (spolupracovn\u00edk) mi s t\u00edm pom\u00e1h\u00e1. Sna\u017e\u00edm se tak\u00e9 zdokonalovat v komunikaci anglicky.\u201c&nbsp;Ve voln\u00fdch chv\u00edl\u00edch pozn\u00e1v\u00e1me m\u011bsto, u\u017e se samostatn\u011b vyzn\u00e1me v metru, proto je pro n\u00e1s ka\u017ed\u00e1 pam\u00e1tka dostupn\u011bj\u0161\u00ed. M\u00fdm nejobl\u00edben\u011bj\u0161\u00edm m\u00edstem se stalo Duomo s \u017eivou hudbou a kouzelnou atmosf\u00e9rou.&nbsp;<\/p>\n\n\n\n<div class=\"wp-block-image\"><figure class=\"aligncenter size-full\"><img loading=\"lazy\" width=\"250\" height=\"333\" src=\"https:\/\/www.stredniskola.com\/wp-content\/uploads\/2025\/11\/GetAttachmentThumbnail-6.jpg\" alt=\"\" class=\"wp-image-6979\" srcset=\"https:\/\/www.stredniskola.com\/wp-content\/uploads\/2025\/11\/GetAttachmentThumbnail-6.jpg 250w, https:\/\/www.stredniskola.com\/wp-content\/uploads\/2025\/11\/GetAttachmentThumbnail-6-225x300.jpg 225w\" sizes=\"(max-width: 250px) 100vw, 250px\" \/><\/figure><\/div>\n\n\n\n<p><strong>B\u00e1ra a Terka v akci<\/strong><\/p>\n\n\n\n<p><strong>B\u00e1ra<\/strong>: B\u011bhem Erasmu+ v It\u00e1lii pracuji v m\u00edstn\u00ed cestovn\u00ed kancel\u00e1\u0159i a pom\u00e1h\u00e1m s organizac\u00ed z\u00e1jezd\u016f. Ve voln\u00e9m \u010dase jsme nav\u0161t\u00edvili muzeum Michelangela i dal\u0161\u00ed historick\u00e9 pam\u00e1tky. \u010casto se proch\u00e1z\u00edme po m\u011bst\u011b a pozn\u00e1v\u00e1me m\u00edstn\u00ed kulturu. Nechyb\u00ed samoz\u0159ejm\u011b ani n\u00e1kupy v centru, kde je spousta butik\u016f a kav\u00e1ren. Ka\u017ed\u00fd den si u\u017e\u00edv\u00e1me italsk\u00e9 j\u00eddlo a pohodovou atmosf\u00e9ru. Pobyt n\u00e1m umo\u017e\u0148uje poznat nov\u00e9 m\u00edsto i zp\u016fsob pr\u00e1ce v zahrani\u010d\u00ed. Celkov\u011b to je p\u0159\u00ednosn\u00e1 a p\u0159\u00edjemn\u00e1 zku\u0161enost.\u00a0<\/p>\n\n\n\n<p><strong>Terka: <\/strong>B\u011bhem pracovn\u00ed st\u00e1\u017ee Erasmus+ pracuji na recepci v hostelu a tak\u00e9 pozn\u00e1v\u00e1m m\u00edstn\u00ed prost\u0159ed\u00ed. Nav\u0161t\u00edvili jsme n\u00e1m\u011bst\u00ed Duomo se\u00a0slavnou stejnojmennou katedr\u00e1lou, pro\u0161li jsme si centrum m\u011bsta a u\u017eili si i men\u0161\u00ed n\u00e1kupy. Cel\u00fd pobyt n\u00e1m p\u0159in\u00e1\u0161\u00ed nov\u00e9 z\u00e1\u017eitky a z\u016fstanou hezk\u00e9 vzpom\u00ednky.\u00a0<\/p>\n\n\n\n<p><strong>Ciao ciao! Italsk\u00e9 po\u010das\u00ed n\u00e1m u\u017e sta\u010dilo a sn\u00edh v\u00a0na\u0161\u00ed vlasti n\u00e1s tak\u00e9 netrp\u011bliv\u011b vol\u00e1!<\/strong> Zahrani\u010dn\u00ed st\u00e1\u017ee studentek a student\u016f z na\u0161\u00ed \u0161koly se pomalu bl\u00ed\u017e\u00ed ke sv\u00e9mu fin\u00e1le. Krom\u011b z\u00edsk\u00e1v\u00e1n\u00ed pracovn\u00edch zku\u0161enost\u00ed jsou tyto aktivity zam\u011b\u0159en\u00e9 tak\u00e9 na pozn\u00e1v\u00e1n\u00ed \u017eivotn\u00edho stylu dan\u00e9 oblasti \u2013 v na\u0161em p\u0159\u00edpad\u011b Mil\u00e1na. Pit\u00ed espressa v kav\u00e1rn\u011b m\u00e1 sv\u016fj specifick\u00fd ritu\u00e1l, a croissanty zde maj\u00ed \u00fapln\u011b jin\u00fd v\u00fdznam ne\u017e u n\u00e1s. Kapacita vag\u00f3n\u016f metra se zd\u00e1 b\u00fdt neomezen\u00e1, tak\u017ee n\u00e1stup i v\u00fdstup b\u00fdv\u00e1 ob\u010das skute\u010dn\u00fdm z\u00e1\u017eitkem. P\u0159estupn\u00ed m\u00edsta v mil\u00e1nsk\u00e9m metru n\u00e1s u\u010d\u00ed trp\u011blivosti i zlep\u0161uj\u00ed fyzi\u010dku, proto\u017ee styl zna\u010den\u00ed nab\u00edz\u00ed \u0161irokou \u0161k\u00e1lu mo\u017enost\u00ed, kam se vydat. S mil\u00e1nsk\u00fdmi obyvateli jsme m\u011bli mo\u017enost se setkat p\u0159edev\u0161\u00edm na pracovi\u0161t\u00edch na\u0161ich studentek a student\u016f, kde byli velmi mil\u00ed a sympati\u010dt\u00ed. Stejn\u011b p\u0159\u00edjemn\u00e9 bylo i jedn\u00e1n\u00ed s prodava\u010di a \u0159idi\u010di autobus\u016f, kte\u0159\u00ed sice nemluvili anglicky, ale \u00fasm\u011bvem rozhodn\u011b ne\u0161et\u0159ili.\u00a0<\/p>\n\n\n\n<p><strong>Dojmy st\u00e1\u017eist\u016f:<\/strong><\/p>\n\n\n\n<p><strong>Aneta P.<\/strong><\/p>\n\n\n\n<p>B\u011bhem zahrani\u010dn\u00ed st\u00e1\u017ee jsem si zlep\u0161ila komunikaci s lidmi, a p\u0159edev\u0161\u00edm angli\u010dtinu. Nau\u010dila jsem se d\u011blat \u201echeck-iny\u201c i pracovat se syst\u00e9mem \u201ebookingu\u201c. V It\u00e1lii m\u011b nejv\u00edc p\u0159ekvapilo, \u017ee se lid\u00e9 neboj\u00ed ukazovat, \u017ee jsou \u0161\u0165astn\u00ed.<\/p>\n\n\n\n<p><strong>Mar\u0165a S.<\/strong><\/p>\n\n\n\n<p>Dnes jsem se se Zuzkou na odpoledn\u00ed sm\u011bn\u011b zab\u00fdvala\u00a0\u201echeck-iny\u201c a prov\u00e1d\u011bn\u00edm lid\u00ed po hostelu. Ukazovaly jsme jim, kde se nach\u00e1z\u00ed jejich pokoje, do kolika je otev\u0159en\u00fd bar a kuchyn\u011b, kde sm\u00ed kou\u0159it nebo kde se nach\u00e1z\u00ed spole\u010dn\u00e9 sprchy a z\u00e1chody. Nejv\u011bt\u0161\u00ed \u010d\u00e1st\u00ed na\u0161\u00ed pr\u00e1ce je b\u00fdt na recepci a pou\u0161t\u011bt lidi dovnit\u0159, plus dopl\u0148ovat informace z jejich pas\u016f nebo ob\u010dansk\u00fdch pr\u016fkaz\u016f. Pr\u00e1ci n\u00e1m zleh\u010duje \u00fa\u017easn\u00fd a velice sympatick\u00fd kolektiv.<\/p>\n\n\n\n<p><strong>Zuzka \u0160.<\/strong><\/p>\n\n\n\n<p>Dnes jsme s Martinou v pr\u00e1ci d\u011blaly check in a out, zapisovaly jsme informace o lidech v hostelu a taky jsme je prov\u00e1d\u011bly po pokoj\u00edch. Dnes jsme poprv\u00e9 kontrolovaly pokoje, jestli jsou dob\u0159e ustlan\u00e9 postele, jestli je v koupeln\u00e1ch m\u00fddlo\/toaletn\u00ed pap\u00edr atd. V pr\u00e1ci m\u00e1me fakt super kolektiv. Ve voln\u00e9m \u010dase s kamar\u00e1dkami cestujeme po m\u011bst\u011b a pam\u00e1tk\u00e1ch a chod\u00edme nakupovat. Moje obl\u00edben\u00e9 m\u00edsto je Duomo, proto\u017ee je tam kr\u00e1sn\u00e1 katedr\u00e1la a hodn\u011b obchod\u016f. Taky se mi hodn\u011b l\u00edb\u00ed mil\u00e1nsk\u00fd \u201echinatown\u201c.<\/p>\n\n\n\n<p><strong>K\u00e1ja K.<\/strong><\/p>\n\n\n\n<p>Na Erasmus jsme p\u0159ijeli do Mil\u00e1na 9.11. a z\u016fst\u00e1v\u00e1me tu a\u017e do 22.11. Pracuju v New Generation Hostelu, kde na recepci d\u011bl\u00e1m \u201echeck-outy\u201c a p\u0159ipravuju sn\u00eddan\u011b host\u016fm. Ka\u017ed\u00fd den mluv\u00edm s lidmi z r\u016fzn\u00fdch \u010d\u00e1st\u00ed sv\u011bta, d\u00edky \u010demu\u017e si zlep\u0161uju angli\u010dtinu. Mil\u00e1n m\u011b okouzluje svou \u017eivou atmosf\u00e9rou a kr\u00e1sou kolem Duoma. Ve voln\u00e9m \u010dase chod\u00edm nakupovat a tr\u00e1v\u00edm \u010das s kamar\u00e1dy. Pr\u00e1ce v hostelu m\u011b u\u010d\u00ed v\u00edc komunikovat a l\u00e9pe reagovat v r\u016fzn\u00fdch situac\u00edch. Pobyt v It\u00e1lii mi ukazuje, jak\u00e9 to je fungovat v \u00fapln\u011b jin\u00e9m prost\u0159ed\u00ed. Milano je kr\u00e1sn\u00e9 m\u011bsto, do kter\u00e9ho bych se cht\u011bla ur\u010dit\u011b n\u011bkdy vr\u00e1tit. Budu m\u00edt na n\u011bj kr\u00e1sn\u00e9 vzpom\u00ednky.<\/p>\n\n\n\n<div class=\"wp-block-image\"><figure class=\"aligncenter size-full\"><img loading=\"lazy\" width=\"250\" height=\"333\" src=\"https:\/\/www.stredniskola.com\/wp-content\/uploads\/2025\/11\/GetAttachmentThumbnail-8.jpg\" alt=\"\" class=\"wp-image-6981\" srcset=\"https:\/\/www.stredniskola.com\/wp-content\/uploads\/2025\/11\/GetAttachmentThumbnail-8.jpg 250w, https:\/\/www.stredniskola.com\/wp-content\/uploads\/2025\/11\/GetAttachmentThumbnail-8-225x300.jpg 225w\" sizes=\"(max-width: 250px) 100vw, 250px\" \/><\/figure><\/div>\n\n\n\n<p><strong>Ondra S.<\/strong><\/p>\n\n\n\n<p>U\u017e dev\u011bt dn\u00ed pracuji v New Generation hostelu, kde jsem m\u011bl mo\u017enost nahl\u00e9dnout do ka\u017edodenn\u00edho provozu a pochopit, jak hostel skute\u010dn\u011b funguje. B\u011bhem prvn\u00edho dne jsem byl trochu nerv\u00f3zn\u00ed jak p\u0159i komunikaci s hosty, tak i p\u0159i spolupr\u00e1ci s\u00a0kolegy, proto\u017ee v\u0161e prob\u00edhalo v angli\u010dtin\u011b, s \u010d\u00edm\u017e jsem do t\u00e9 doby nem\u011bl mnoho zku\u0161enost\u00ed. Postupn\u011b jsem si v\u0161ak za\u010dal zvykat a nau\u010dil se pracovat s rezerva\u010dn\u00edm syst\u00e9mem a zvl\u00e1dat check-iny i check-outy. Tato zku\u0161enost mi poskytla lep\u0161\u00ed p\u0159ehled o organizaci ubytovac\u00edch slu\u017eeb. Po p\u00e1r dnech jsem se c\u00edtil mnohem jist\u011bji a dnes u\u017e dok\u00e1\u017eu komunikovat s hosty i kolegy bez probl\u00e9m\u016f. B\u011bhem pobytu jsem si tak\u00e9 v\u00fdrazn\u011b zlep\u0161il angli\u010dtinu d\u00edky ka\u017edodenn\u00ed komunikaci s hosty z r\u016fzn\u00fdch kout\u016f sv\u011bta.<\/p>\n\n\n\n<p>Ing. Stanislava Bendov\u00e1 a Mgr. Libu\u0161e N\u00e1dvorn\u00edkov\u00e1<\/p>\n\n\n\n<p><\/p>\n\n\n\n<div class=\"wp-block-image\"><figure class=\"aligncenter size-full\"><img loading=\"lazy\" width=\"250\" height=\"333\" src=\"https:\/\/www.stredniskola.com\/wp-content\/uploads\/2025\/11\/GetAttachmentThumbnail-9.jpg\" alt=\"\" class=\"wp-image-6982\" srcset=\"https:\/\/www.stredniskola.com\/wp-content\/uploads\/2025\/11\/GetAttachmentThumbnail-9.jpg 250w, https:\/\/www.stredniskola.com\/wp-content\/uploads\/2025\/11\/GetAttachmentThumbnail-9-225x300.jpg 225w\" sizes=\"(max-width: 250px) 100vw, 250px\" \/><\/figure><\/div>\n","protected":false},"excerpt":{"rendered":"<p>Cesta je nejen p\u0159\u00edle\u017eitost\u00ed k pozn\u00e1v\u00e1n\u00ed nov\u00fdch m\u00edst, ale tak\u00e9 k utu\u017een\u00ed kolektivn\u00edho ducha a z\u00edsk\u00e1n\u00ed zku\u0161enost\u00ed, kter\u00e9 z\u016fstanou v pam\u011bti je\u0161t\u011b dlouho po n\u00e1vratu. V sobotu 8. 11. 2025 [&hellip;]<\/p>\n","protected":false},"author":3,"featured_media":6958,"comment_status":"closed","ping_status":"closed","sticky":false,"template":"","format":"standard","meta":[],"categories":[2],"tags":[],"_links":{"self":[{"href":"https:\/\/www.stredniskola.com\/index.php\/wp-json\/wp\/v2\/posts\/6956"}],"collection":[{"href":"https:\/\/www.stredniskola.com\/index.php\/wp-json\/wp\/v2\/posts"}],"about":[{"href":"https:\/\/www.stredniskola.com\/index.php\/wp-json\/wp\/v2\/types\/post"}],"author":[{"embeddable":true,"href":"https:\/\/www.stredniskola.com\/index.php\/wp-json\/wp\/v2\/users\/3"}],"replies":[{"embeddable":true,"href":"https:\/\/www.stredniskola.com\/index.php\/wp-json\/wp\/v2\/comments?post=6956"}],"version-history":[{"count":4,"href":"https:\/\/www.stredniskola.com\/index.php\/wp-json\/wp\/v2\/posts\/6956\/revisions"}],"predecessor-version":[{"id":6990,"href":"https:\/\/www.stredniskola.com\/index.php\/wp-json\/wp\/v2\/posts\/6956\/revisions\/6990"}],"wp:featuredmedia":[{"embeddable":true,"href":"https:\/\/www.stredniskola.com\/index.php\/wp-json\/wp\/v2\/media\/6958"}],"wp:attachment":[{"href":"https:\/\/www.stredniskola.com\/index.php\/wp-json\/wp\/v2\/media?parent=6956"}],"wp:term":[{"taxonomy":"category","embeddable":true,"href":"https:\/\/www.stredniskola.com\/index.php\/wp-json\/wp\/v2\/categories?post=6956"},{"taxonomy":"post_tag","embeddable":true,"href":"https:\/\/www.stredniskola.com\/index.php\/wp-json\/wp\/v2\/tags?post=6956"}],"curies":[{"name":"wp","href":"https:\/\/api.w.org\/{rel}","templated":true}]}}