{"id":6969,"date":"2025-11-13T12:35:32","date_gmt":"2025-11-13T11:35:32","guid":{"rendered":"https:\/\/www.stredniskola.com\/?p=6969"},"modified":"2025-11-13T12:35:52","modified_gmt":"2025-11-13T11:35:52","slug":"tesime-se-na-dalsi-setkani-2","status":"publish","type":"post","link":"https:\/\/www.stredniskola.com\/index.php\/2025\/11\/13\/tesime-se-na-dalsi-setkani-2\/","title":{"rendered":"T\u011b\u0161\u00edme se na dal\u0161\u00ed setk\u00e1n\u00ed, tentokr\u00e1t v Jihlav\u011b"},"content":{"rendered":"\n<p>Srde\u010dn\u011b v\u00e1s zveme na 28. ro\u010dn\u00edk p\u0159ehl\u00eddky st\u0159edn\u00edch \u0161kol oblasti Vyso\u010diny, kter\u00e1 se uskute\u010dn\u00ed v p\u00e1tek 14. listopadu 2025 od 8:00 do 18:00 hodin.<\/p>\n\n\n\n<p>Tato akce je skv\u011blou p\u0159\u00edle\u017eitost\u00ed pro v\u0161echny z\u00e1jemce o vzd\u011bl\u00e1v\u00e1n\u00ed. V prostor\u00e1ch DKO Jihlava se ka\u017edoro\u010dn\u011b sejde na 50 \u0161kol r\u016fzn\u00e9ho zam\u011b\u0159en\u00ed. M\u00e1me mo\u017enost prezentovat sv\u00e9 v\u00fdukov\u00e9 programy, mimo\u0161koln\u00ed aktivity a dal\u0161\u00ed mo\u017enosti, kter\u00e9 nab\u00edz\u00edme.<\/p>\n\n\n\n<p>Ka\u017ed\u00fdm rokem se akce t\u011b\u0161\u00ed velk\u00e9mu z\u00e1jmu, p\u0159edev\u0161\u00edm ze strany \u017e\u00e1k\u016f z\u00e1kladn\u00edch \u0161kol a jejich rodi\u010d\u016f, ale i student\u016f st\u0159edn\u00edch \u0161kol, kte\u0159\u00ed zva\u017euj\u00ed sv\u016fj dal\u0161\u00ed odborn\u00fd r\u016fst. Neprop\u00e1sn\u011bte tuto jedine\u010dnou p\u0159\u00edle\u017eitost se informovat, inspirovat a nav\u00e1zat nov\u00e9 kontakty.<\/p>\n\n\n\n<figure class=\"wp-block-image size-full\"><img loading=\"lazy\" width=\"750\" height=\"399\" src=\"https:\/\/www.stredniskola.com\/wp-content\/uploads\/2025\/11\/moz-ji.png\" alt=\"\" class=\"wp-image-6970\" srcset=\"https:\/\/www.stredniskola.com\/wp-content\/uploads\/2025\/11\/moz-ji.png 750w, https:\/\/www.stredniskola.com\/wp-content\/uploads\/2025\/11\/moz-ji-300x160.png 300w\" sizes=\"(max-width: 750px) 100vw, 750px\" \/><\/figure>\n","protected":false},"excerpt":{"rendered":"<p>Srde\u010dn\u011b v\u00e1s zveme na 28. ro\u010dn\u00edk p\u0159ehl\u00eddky st\u0159edn\u00edch \u0161kol oblasti Vyso\u010diny, kter\u00e1 se uskute\u010dn\u00ed v p\u00e1tek 14. listopadu 2025 od 8:00 do 18:00 hodin. Tato akce je skv\u011blou p\u0159\u00edle\u017eitost\u00ed pro [&hellip;]<\/p>\n","protected":false},"author":3,"featured_media":6971,"comment_status":"closed","ping_status":"closed","sticky":false,"template":"","format":"standard","meta":[],"categories":[2],"tags":[],"_links":{"self":[{"href":"https:\/\/www.stredniskola.com\/index.php\/wp-json\/wp\/v2\/posts\/6969"}],"collection":[{"href":"https:\/\/www.stredniskola.com\/index.php\/wp-json\/wp\/v2\/posts"}],"about":[{"href":"https:\/\/www.stredniskola.com\/index.php\/wp-json\/wp\/v2\/types\/post"}],"author":[{"embeddable":true,"href":"https:\/\/www.stredniskola.com\/index.php\/wp-json\/wp\/v2\/users\/3"}],"replies":[{"embeddable":true,"href":"https:\/\/www.stredniskola.com\/index.php\/wp-json\/wp\/v2\/comments?post=6969"}],"version-history":[{"count":2,"href":"https:\/\/www.stredniskola.com\/index.php\/wp-json\/wp\/v2\/posts\/6969\/revisions"}],"predecessor-version":[{"id":6973,"href":"https:\/\/www.stredniskola.com\/index.php\/wp-json\/wp\/v2\/posts\/6969\/revisions\/6973"}],"wp:featuredmedia":[{"embeddable":true,"href":"https:\/\/www.stredniskola.com\/index.php\/wp-json\/wp\/v2\/media\/6971"}],"wp:attachment":[{"href":"https:\/\/www.stredniskola.com\/index.php\/wp-json\/wp\/v2\/media?parent=6969"}],"wp:term":[{"taxonomy":"category","embeddable":true,"href":"https:\/\/www.stredniskola.com\/index.php\/wp-json\/wp\/v2\/categories?post=6969"},{"taxonomy":"post_tag","embeddable":true,"href":"https:\/\/www.stredniskola.com\/index.php\/wp-json\/wp\/v2\/tags?post=6969"}],"curies":[{"name":"wp","href":"https:\/\/api.w.org\/{rel}","templated":true}]}}