{"id":7068,"date":"2025-12-23T09:03:29","date_gmt":"2025-12-23T08:03:29","guid":{"rendered":"https:\/\/www.stredniskola.com\/?p=7068"},"modified":"2025-12-23T09:03:29","modified_gmt":"2025-12-23T08:03:29","slug":"kurz-s-rodilym-mluvcim","status":"publish","type":"post","link":"https:\/\/www.stredniskola.com\/index.php\/2025\/12\/23\/kurz-s-rodilym-mluvcim\/","title":{"rendered":"Kurz s rodil\u00fdm mluv\u010d\u00edm"},"content":{"rendered":"\n<p>I v leto\u0161n\u00edm roce se na na\u0161\u00ed \u0161kole uskute\u010dnil kurz s rodil\u00fdm mluv\u010d\u00edm, kter\u00e9ho se z\u00fa\u010dastnili studenti maturitn\u00edch ro\u010dn\u00edk\u016f 4.IT a 4.0. Kurz vedl tentokr\u00e1t Damien, p\u016fvodem z Velk\u00e9 Brit\u00e1nie, kter\u00fd se v\u00fduce jazyk\u016f v\u011bnuje ji\u017e 17 let a procestoval na 30 zem\u00ed sv\u011bta. Se studenty z\u00e1bavnou formou pracoval na zlep\u0161en\u00ed jejich &#8222;speaking skills&#8220;, co\u017e jsou kl\u00ed\u010dov\u00e9 dovednosti pro jak\u00fdkoliv ciz\u00ed jazyk.\u00a0 V\u011b\u0159\u00edme, \u017ee studenti je z\u00faro\u010d\u00ed nejen u \u00fastn\u00ed maturitn\u00ed zkou\u0161ky z angli\u010dtiny, ale zejm\u00e9na v dal\u0161\u00edm pracovn\u00edm i osobn\u00edm \u017eivot\u011b.<\/p>\n\n\n\n<p><br>Bc. Lenka Hernov\u00e1<\/p>\n\n\n\n<div class=\"wp-block-image\"><figure class=\"aligncenter size-full\"><img loading=\"lazy\" width=\"444\" height=\"250\" src=\"https:\/\/www.stredniskola.com\/wp-content\/uploads\/2025\/12\/1e01a29f-73da-49d4-94c9-169b420e1fa0.jpg\" alt=\"\" class=\"wp-image-7070\" srcset=\"https:\/\/www.stredniskola.com\/wp-content\/uploads\/2025\/12\/1e01a29f-73da-49d4-94c9-169b420e1fa0.jpg 444w, https:\/\/www.stredniskola.com\/wp-content\/uploads\/2025\/12\/1e01a29f-73da-49d4-94c9-169b420e1fa0-300x169.jpg 300w\" sizes=\"(max-width: 444px) 100vw, 444px\" \/><\/figure><\/div>\n\n\n\n<p><\/p>\n","protected":false},"excerpt":{"rendered":"<p>I v leto\u0161n\u00edm roce se na na\u0161\u00ed \u0161kole uskute\u010dnil kurz s rodil\u00fdm mluv\u010d\u00edm, kter\u00e9ho se z\u00fa\u010dastnili studenti maturitn\u00edch ro\u010dn\u00edk\u016f 4.IT a 4.0. Kurz vedl tentokr\u00e1t Damien, p\u016fvodem z Velk\u00e9 Brit\u00e1nie, [&hellip;]<\/p>\n","protected":false},"author":3,"featured_media":7069,"comment_status":"closed","ping_status":"closed","sticky":false,"template":"","format":"standard","meta":[],"categories":[2],"tags":[],"_links":{"self":[{"href":"https:\/\/www.stredniskola.com\/index.php\/wp-json\/wp\/v2\/posts\/7068"}],"collection":[{"href":"https:\/\/www.stredniskola.com\/index.php\/wp-json\/wp\/v2\/posts"}],"about":[{"href":"https:\/\/www.stredniskola.com\/index.php\/wp-json\/wp\/v2\/types\/post"}],"author":[{"embeddable":true,"href":"https:\/\/www.stredniskola.com\/index.php\/wp-json\/wp\/v2\/users\/3"}],"replies":[{"embeddable":true,"href":"https:\/\/www.stredniskola.com\/index.php\/wp-json\/wp\/v2\/comments?post=7068"}],"version-history":[{"count":1,"href":"https:\/\/www.stredniskola.com\/index.php\/wp-json\/wp\/v2\/posts\/7068\/revisions"}],"predecessor-version":[{"id":7071,"href":"https:\/\/www.stredniskola.com\/index.php\/wp-json\/wp\/v2\/posts\/7068\/revisions\/7071"}],"wp:featuredmedia":[{"embeddable":true,"href":"https:\/\/www.stredniskola.com\/index.php\/wp-json\/wp\/v2\/media\/7069"}],"wp:attachment":[{"href":"https:\/\/www.stredniskola.com\/index.php\/wp-json\/wp\/v2\/media?parent=7068"}],"wp:term":[{"taxonomy":"category","embeddable":true,"href":"https:\/\/www.stredniskola.com\/index.php\/wp-json\/wp\/v2\/categories?post=7068"},{"taxonomy":"post_tag","embeddable":true,"href":"https:\/\/www.stredniskola.com\/index.php\/wp-json\/wp\/v2\/tags?post=7068"}],"curies":[{"name":"wp","href":"https:\/\/api.w.org\/{rel}","templated":true}]}}