{"id":7223,"date":"2026-03-20T06:10:00","date_gmt":"2026-03-20T05:10:00","guid":{"rendered":"https:\/\/www.stredniskola.com\/?p=7223"},"modified":"2026-03-23T16:25:12","modified_gmt":"2026-03-23T15:25:12","slug":"doplneni-skolske-rady-o-zastupce-zaku","status":"publish","type":"post","link":"https:\/\/www.stredniskola.com\/index.php\/2026\/03\/20\/doplneni-skolske-rady-o-zastupce-zaku\/","title":{"rendered":"DOPLN\u011aN\u00cd \u0160KOLSK\u00c9 RADY O Z\u00c1STUPCE \u017d\u00c1K\u016e"},"content":{"rendered":"\n<p>K 30. 4. 2026 ukon\u010d\u00ed \u010dinnost ve \u0161kolsk\u00e9 rad\u011b Luk\u00e1\u0161 Roub\u00ed\u010dek. Bude absolventem. Je t\u0159eba zvolit nov\u00e9ho \u010dlena rady. Volba pro opr\u00e1vn\u011bn\u00e9 osoby je vyhl\u00e1\u0161ena prost\u0159ednictv\u00edm webov\u00fdch str\u00e1nek \u0161koly.\u00a0 N\u00e1vrhy kandid\u00e1t\u016f do \u0161kolsk\u00e9 rady mohou opr\u00e1vn\u011bn\u00e9 osoby pod\u00e1vat do 8. 4. 2026 do 15 hodin na p\u0159ipraven\u00e9m formul\u00e1\u0159i. Navr\u017een\u00ed kandid\u00e1ti mus\u00ed s kandidaturou souhlasit a potvrdit souhlas podpisem na nomina\u010dn\u00edm l\u00edstku. Listina kandid\u00e1t\u016f bude zve\u0159ejn\u011bna od 9. 4. 2026 na www str\u00e1nk\u00e1ch \u0161koly. Volba prob\u011bhne v pond\u011bl\u00ed 20. 4. 2026 od 7:00 do 18:00 do urny um\u00edst\u011bn\u00e9 v\u00a0kancel\u00e1\u0159i \u0161koly.<\/p>\n\n\n\n<div class=\"wp-block-file\"><a href=\"https:\/\/www.stredniskola.com\/wp-content\/uploads\/2026\/03\/vyhlaseni-zaci-2026.pdf\">DOPL\u0147UJ\u00cdC\u00cd VOLBY DO \u0160KOLSK\u00c9 RADY 2026<\/a><a href=\"https:\/\/www.stredniskola.com\/wp-content\/uploads\/2026\/03\/vyhlaseni-zaci-2026.pdf\" class=\"wp-block-file__button\" download>St\u00e1hnout<\/a><\/div>\n\n\n\n<div class=\"wp-block-file\"><a href=\"https:\/\/www.stredniskola.com\/wp-content\/uploads\/2026\/03\/nominace-zak.pdf\">NOMINA\u010cN\u00cd L\u00cdSTEK <\/a><a href=\"https:\/\/www.stredniskola.com\/wp-content\/uploads\/2026\/03\/nominace-zak.pdf\" class=\"wp-block-file__button\" download>St\u00e1hnout<\/a><\/div>\n\n\n\n<p><\/p>\n","protected":false},"excerpt":{"rendered":"<p>K 30. 4. 2026 ukon\u010d\u00ed \u010dinnost ve \u0161kolsk\u00e9 rad\u011b Luk\u00e1\u0161 Roub\u00ed\u010dek. Bude absolventem. Je t\u0159eba zvolit nov\u00e9ho \u010dlena rady. Volba pro opr\u00e1vn\u011bn\u00e9 osoby je vyhl\u00e1\u0161ena prost\u0159ednictv\u00edm webov\u00fdch str\u00e1nek \u0161koly.\u00a0 N\u00e1vrhy [&hellip;]<\/p>\n","protected":false},"author":3,"featured_media":1863,"comment_status":"closed","ping_status":"closed","sticky":false,"template":"","format":"standard","meta":[],"categories":[78],"tags":[],"_links":{"self":[{"href":"https:\/\/www.stredniskola.com\/index.php\/wp-json\/wp\/v2\/posts\/7223"}],"collection":[{"href":"https:\/\/www.stredniskola.com\/index.php\/wp-json\/wp\/v2\/posts"}],"about":[{"href":"https:\/\/www.stredniskola.com\/index.php\/wp-json\/wp\/v2\/types\/post"}],"author":[{"embeddable":true,"href":"https:\/\/www.stredniskola.com\/index.php\/wp-json\/wp\/v2\/users\/3"}],"replies":[{"embeddable":true,"href":"https:\/\/www.stredniskola.com\/index.php\/wp-json\/wp\/v2\/comments?post=7223"}],"version-history":[{"count":2,"href":"https:\/\/www.stredniskola.com\/index.php\/wp-json\/wp\/v2\/posts\/7223\/revisions"}],"predecessor-version":[{"id":7228,"href":"https:\/\/www.stredniskola.com\/index.php\/wp-json\/wp\/v2\/posts\/7223\/revisions\/7228"}],"wp:featuredmedia":[{"embeddable":true,"href":"https:\/\/www.stredniskola.com\/index.php\/wp-json\/wp\/v2\/media\/1863"}],"wp:attachment":[{"href":"https:\/\/www.stredniskola.com\/index.php\/wp-json\/wp\/v2\/media?parent=7223"}],"wp:term":[{"taxonomy":"category","embeddable":true,"href":"https:\/\/www.stredniskola.com\/index.php\/wp-json\/wp\/v2\/categories?post=7223"},{"taxonomy":"post_tag","embeddable":true,"href":"https:\/\/www.stredniskola.com\/index.php\/wp-json\/wp\/v2\/tags?post=7223"}],"curies":[{"name":"wp","href":"https:\/\/api.w.org\/{rel}","templated":true}]}}