{"id":7338,"date":"2026-04-23T07:14:33","date_gmt":"2026-04-23T05:14:33","guid":{"rendered":"https:\/\/www.stredniskola.com\/?p=7338"},"modified":"2026-04-23T07:14:33","modified_gmt":"2026-04-23T05:14:33","slug":"obchodnici-v-narodnim-muzeu","status":"publish","type":"post","link":"https:\/\/www.stredniskola.com\/index.php\/2026\/04\/23\/obchodnici-v-narodnim-muzeu\/","title":{"rendered":"Obchodn\u00edci v N\u00e1rodn\u00edm muzeu"},"content":{"rendered":"\n<p>T\u0159\u00eddy 1.O a 2.O vyrazily v pond\u011bl\u00ed 13.\u202f4.\u202f2026 na exkurzi do N\u00e1rodn\u00edho muzea v Praze. U\u017e samotn\u00e1 budova ud\u011blala na v\u0161echny velk\u00fd dojem. Uvnit\u0159 jsme si pro\u0161li hned n\u011bkolik zaj\u00edmav\u00fdch expozic. Nejv\u00edce n\u00e1s bavily p\u0159\u00edrodov\u011bdn\u00e9 sb\u00edrky, hlavn\u011b kostry prav\u011bk\u00fdch zv\u00ed\u0159at a expozice v\u011bnovan\u00e1 v\u00fdvoji \u010dlov\u011bka.\u00a0 Velk\u00fd ohlas m\u011bla tak\u00e9 \u010d\u00e1st v\u011bnovan\u00e1 historii \u010ceska a d\u016fle\u017eit\u00fdm ud\u00e1lostem na\u0161ich d\u011bjin. A samoz\u0159ejm\u011b zbyl i n\u011bjak\u00fd \u010das na ob\u010derstven\u00ed a n\u00e1kupy.\u00a0<\/p>\n\n\n\n<p>Tak zase n\u011bkdy p\u0159\u00ed\u0161t\u011b!<br>Mgr. Hernov\u00e1 Lenka, Mgr. Veletov\u00e1 Martina<\/p>\n\n\n\n<div class=\"wp-block-image is-style-default\"><figure class=\"aligncenter size-full\"><img loading=\"lazy\" width=\"444\" height=\"250\" src=\"https:\/\/www.stredniskola.com\/wp-content\/uploads\/2026\/04\/e24b1826-c64f-43bd-9a8e-3fa07d16a4a0.jpg\" alt=\"\" class=\"wp-image-7340\" srcset=\"https:\/\/www.stredniskola.com\/wp-content\/uploads\/2026\/04\/e24b1826-c64f-43bd-9a8e-3fa07d16a4a0.jpg 444w, https:\/\/www.stredniskola.com\/wp-content\/uploads\/2026\/04\/e24b1826-c64f-43bd-9a8e-3fa07d16a4a0-300x169.jpg 300w\" sizes=\"(max-width: 444px) 100vw, 444px\" \/><\/figure><\/div>\n\n\n\n<p><\/p>\n","protected":false},"excerpt":{"rendered":"<p>T\u0159\u00eddy 1.O a 2.O vyrazily v pond\u011bl\u00ed 13.\u202f4.\u202f2026 na exkurzi do N\u00e1rodn\u00edho muzea v Praze. U\u017e samotn\u00e1 budova ud\u011blala na v\u0161echny velk\u00fd dojem. Uvnit\u0159 jsme si pro\u0161li hned n\u011bkolik zaj\u00edmav\u00fdch [&hellip;]<\/p>\n","protected":false},"author":3,"featured_media":7339,"comment_status":"closed","ping_status":"closed","sticky":false,"template":"","format":"standard","meta":[],"categories":[2],"tags":[],"_links":{"self":[{"href":"https:\/\/www.stredniskola.com\/index.php\/wp-json\/wp\/v2\/posts\/7338"}],"collection":[{"href":"https:\/\/www.stredniskola.com\/index.php\/wp-json\/wp\/v2\/posts"}],"about":[{"href":"https:\/\/www.stredniskola.com\/index.php\/wp-json\/wp\/v2\/types\/post"}],"author":[{"embeddable":true,"href":"https:\/\/www.stredniskola.com\/index.php\/wp-json\/wp\/v2\/users\/3"}],"replies":[{"embeddable":true,"href":"https:\/\/www.stredniskola.com\/index.php\/wp-json\/wp\/v2\/comments?post=7338"}],"version-history":[{"count":1,"href":"https:\/\/www.stredniskola.com\/index.php\/wp-json\/wp\/v2\/posts\/7338\/revisions"}],"predecessor-version":[{"id":7341,"href":"https:\/\/www.stredniskola.com\/index.php\/wp-json\/wp\/v2\/posts\/7338\/revisions\/7341"}],"wp:featuredmedia":[{"embeddable":true,"href":"https:\/\/www.stredniskola.com\/index.php\/wp-json\/wp\/v2\/media\/7339"}],"wp:attachment":[{"href":"https:\/\/www.stredniskola.com\/index.php\/wp-json\/wp\/v2\/media?parent=7338"}],"wp:term":[{"taxonomy":"category","embeddable":true,"href":"https:\/\/www.stredniskola.com\/index.php\/wp-json\/wp\/v2\/categories?post=7338"},{"taxonomy":"post_tag","embeddable":true,"href":"https:\/\/www.stredniskola.com\/index.php\/wp-json\/wp\/v2\/tags?post=7338"}],"curies":[{"name":"wp","href":"https:\/\/api.w.org\/{rel}","templated":true}]}}