{"id":84,"date":"2015-12-22T08:50:54","date_gmt":"2015-12-22T07:50:54","guid":{"rendered":"http:\/\/www.stredniskola.com\/cz\/index.php\/2015\/12\/22\/zajezd-do-londyna\/"},"modified":"2015-12-22T08:50:54","modified_gmt":"2015-12-22T07:50:54","slug":"zajezd-do-londyna","status":"publish","type":"post","link":"https:\/\/www.stredniskola.com\/index.php\/2015\/12\/22\/zajezd-do-londyna\/","title":{"rendered":"Z\u00e1jezd do Lond\u00fdna"},"content":{"rendered":"<p style=\"text-align: justify;\">Listopad byl ve znamen\u00ed p\u0159\u00edprav a vlastn\u00ed realizace z\u00e1jezdu do Lond\u00fdna s&nbsp;jazykov\u011b vzd\u011bl\u00e1vac\u00edm kurzem, kter\u00e9ho se z\u00fa\u010dastnilo 40 student\u016f a 4 pedagogov\u00e9 z&nbsp;na\u0161\u00ed \u0161koly. Tato akce byla realizov\u00e1na d\u00edky dota\u010dn\u00edmu programu M\u0160MT (V\u00fdzva 56).<\/p>\n<p style=\"text-align: justify;\">Program m\u011bla skupina opravdu nabit\u00fd. Hned 18. 11. r\u00e1no po p\u0159\u00edjezdu v\u0161ichni pro\u0161li prvn\u00ed historickou \u010d\u00e1st\u00ed Lond\u00fdna, ve\u010der se ubytovali v&nbsp;hostitelsk\u00fdch rodin\u00e1ch. N\u00e1sleduj\u00edc\u00ed den byla zah\u00e1jena v\u00fduka anglick\u00e9ho jazyka v&nbsp;Mycenae House v&nbsp;Blackheath. Na konci v\u00edcedenn\u00edho kurzu jeho \u00fa\u010dastn\u00edci obdr\u017eeli certifik\u00e1t o \u00fa\u010dasti.<\/p>\n<p style=\"text-align: justify;\">Ve voln\u00e9m \u010dase byly uskute\u010dn\u011bny prohl\u00eddky nejv\u00fdznamn\u011bj\u0161\u00edch historick\u00fdch i kulturn\u00edch instituc\u00ed. Nejv\u00edce studenty zaujala prohl\u00eddka Toweru, k\u0159i\u017en\u00edku HMS Belfast, N\u00e1rodn\u00ed galerie, Kr\u00e1lovsk\u00e9ho v\u00e1le\u010dn\u00e9ho muzea, N\u00e1mo\u0159n\u00edho muzea, Westminsteru i okol\u00ed Buckinghamsk\u00e9ho pal\u00e1ce. Nebyla opomenuta ani technick\u00e1 zaj\u00edmavost v&nbsp;podob\u011b protipovod\u0148ov\u00fdch bari\u00e9r na Tem\u017ei.<\/p>\n<p style=\"text-align: justify;\">Dom\u016f se v\u0161ichni vraceli obohaceni o spoustu pro\u017eitk\u016f a nov\u00fdch zku\u0161enost\u00ed.<\/p>\n<p style=\"text-align: justify;\">Sest\u0159ih nejzaj\u00edmav\u011bj\u0161\u00edch moment\u016f najdete na str\u00e1nk\u00e1ch na\u0161\u00ed \u0161koly v sekci VIDEA 2015.<\/p>\n<p style=\"text-align: justify;\">Autorem obou film\u016f je student 2.ro\u010dn\u00edku IT Jaroslav Nahodil.<\/p>\n<p style=\"text-align: justify;\"><strong>&nbsp;<\/strong><\/p>\n","protected":false},"excerpt":{"rendered":"<p>Listopad byl ve znamen\u00ed p\u0159\u00edprav a vlastn\u00ed realizace z\u00e1jezdu do Lond\u00fdna s&nbsp;jazykov\u011b vzd\u011bl\u00e1vac\u00edm kurzem, kter\u00e9ho se z\u00fa\u010dastnilo 40 student\u016f a 4 pedagogov\u00e9 z&nbsp;na\u0161\u00ed \u0161koly. Tato akce byla realizov\u00e1na d\u00edky dota\u010dn\u00edmu [&hellip;]<\/p>\n","protected":false},"author":1,"featured_media":0,"comment_status":"open","ping_status":"open","sticky":false,"template":"","format":"standard","meta":[],"categories":[33],"tags":[],"_links":{"self":[{"href":"https:\/\/www.stredniskola.com\/index.php\/wp-json\/wp\/v2\/posts\/84"}],"collection":[{"href":"https:\/\/www.stredniskola.com\/index.php\/wp-json\/wp\/v2\/posts"}],"about":[{"href":"https:\/\/www.stredniskola.com\/index.php\/wp-json\/wp\/v2\/types\/post"}],"author":[{"embeddable":true,"href":"https:\/\/www.stredniskola.com\/index.php\/wp-json\/wp\/v2\/users\/1"}],"replies":[{"embeddable":true,"href":"https:\/\/www.stredniskola.com\/index.php\/wp-json\/wp\/v2\/comments?post=84"}],"version-history":[{"count":0,"href":"https:\/\/www.stredniskola.com\/index.php\/wp-json\/wp\/v2\/posts\/84\/revisions"}],"wp:attachment":[{"href":"https:\/\/www.stredniskola.com\/index.php\/wp-json\/wp\/v2\/media?parent=84"}],"wp:term":[{"taxonomy":"category","embeddable":true,"href":"https:\/\/www.stredniskola.com\/index.php\/wp-json\/wp\/v2\/categories?post=84"},{"taxonomy":"post_tag","embeddable":true,"href":"https:\/\/www.stredniskola.com\/index.php\/wp-json\/wp\/v2\/tags?post=84"}],"curies":[{"name":"wp","href":"https:\/\/api.w.org\/{rel}","templated":true}]}}