{"id":950,"date":"2022-11-03T07:24:00","date_gmt":"2022-11-03T06:24:00","guid":{"rendered":"http:\/\/www.stredniskola.com\/cz\/?p=950"},"modified":"2023-01-29T08:08:48","modified_gmt":"2023-01-29T07:08:48","slug":"kombinovane-studium-predskolni-a-mimoskolni-pedagogiky","status":"publish","type":"post","link":"https:\/\/www.stredniskola.com\/index.php\/2022\/11\/03\/kombinovane-studium-predskolni-a-mimoskolni-pedagogiky\/","title":{"rendered":"Kombinovan\u00e9 studium P\u0159ed\u0161koln\u00ed a mimo\u0161koln\u00ed pedagogiky  &#8211; p\u0159ij\u00edmac\u00ed \u0159\u00edzen\u00ed"},"content":{"rendered":"\n<p class=\"has-pale-cyan-blue-background-color has-text-color has-background\" style=\"color:#060606\">Vzhledem k \u010dast\u00fdm dotaz\u016fm up\u0159es\u0148ujeme, \u017ee p\u0159ij\u00edmac\u00ed \u0159\u00edzen\u00ed do studijn\u00edho oboru <strong>P\u0159ed\u0161koln\u00ed a mimo\u0161koln\u00ed pedagogika<\/strong> ve zkr\u00e1cen\u00e9 dvoulet\u00e9 kombinovan\u00e9 form\u011b pro \u0161koln\u00ed rok<strong> 2023\/2024<\/strong> bude zah\u00e1jeno <strong>2. 1. 2023.<\/strong><\/p>\n\n\n\n<p class=\"has-pale-cyan-blue-background-color has-text-color has-background\" style=\"color:#060606\">Od 2. ledna 2023 budeme p\u0159ij\u00edmat p\u0159ihl\u00e1\u0161ky ke studiu ve \u0161koln\u00edm roce 2023\/2024 doru\u010den\u00e9 po\u0161tou a od <strong><span style=\"text-decoration: underline;\">7:00 tak\u00e9 prezen\u010dn\u011b v budov\u011b \u0161koly<\/span><\/strong>. <\/p>\n\n\n\n<p>Podrobnosti k t\u00e9to form\u011b studia  <a href=\"https:\/\/www.stredniskola.com\/cz\/index.php\/vzdelavani-dospelych\/predskolni-a-mimoskolni-pedagogika\/\">zde<\/a>.<\/p>\n","protected":false},"excerpt":{"rendered":"<p>Vzhledem k \u010dast\u00fdm dotaz\u016fm up\u0159es\u0148ujeme, \u017ee p\u0159ij\u00edmac\u00ed \u0159\u00edzen\u00ed do studijn\u00edho oboru P\u0159ed\u0161koln\u00ed a mimo\u0161koln\u00ed pedagogika ve zkr\u00e1cen\u00e9 dvoulet\u00e9 kombinovan\u00e9 form\u011b pro \u0161koln\u00ed rok 2023\/2024 bude zah\u00e1jeno 2. 1. 2023. Od [&hellip;]<\/p>\n","protected":false},"author":3,"featured_media":200,"comment_status":"closed","ping_status":"closed","sticky":false,"template":"","format":"standard","meta":[],"categories":[2],"tags":[],"_links":{"self":[{"href":"https:\/\/www.stredniskola.com\/index.php\/wp-json\/wp\/v2\/posts\/950"}],"collection":[{"href":"https:\/\/www.stredniskola.com\/index.php\/wp-json\/wp\/v2\/posts"}],"about":[{"href":"https:\/\/www.stredniskola.com\/index.php\/wp-json\/wp\/v2\/types\/post"}],"author":[{"embeddable":true,"href":"https:\/\/www.stredniskola.com\/index.php\/wp-json\/wp\/v2\/users\/3"}],"replies":[{"embeddable":true,"href":"https:\/\/www.stredniskola.com\/index.php\/wp-json\/wp\/v2\/comments?post=950"}],"version-history":[{"count":20,"href":"https:\/\/www.stredniskola.com\/index.php\/wp-json\/wp\/v2\/posts\/950\/revisions"}],"predecessor-version":[{"id":3620,"href":"https:\/\/www.stredniskola.com\/index.php\/wp-json\/wp\/v2\/posts\/950\/revisions\/3620"}],"wp:featuredmedia":[{"embeddable":true,"href":"https:\/\/www.stredniskola.com\/index.php\/wp-json\/wp\/v2\/media\/200"}],"wp:attachment":[{"href":"https:\/\/www.stredniskola.com\/index.php\/wp-json\/wp\/v2\/media?parent=950"}],"wp:term":[{"taxonomy":"category","embeddable":true,"href":"https:\/\/www.stredniskola.com\/index.php\/wp-json\/wp\/v2\/categories?post=950"},{"taxonomy":"post_tag","embeddable":true,"href":"https:\/\/www.stredniskola.com\/index.php\/wp-json\/wp\/v2\/tags?post=950"}],"curies":[{"name":"wp","href":"https:\/\/api.w.org\/{rel}","templated":true}]}}